{"id":39537,"date":"2025-09-25T15:39:22","date_gmt":"2025-09-25T15:39:22","guid":{"rendered":"https:\/\/www.europesays.com\/se\/39537\/"},"modified":"2025-09-25T15:39:22","modified_gmt":"2025-09-25T15:39:22","slug":"spotify-andrar-ai-policy-ska-markeras-tydligare","status":"publish","type":"post","link":"https:\/\/www.europesays.com\/se\/39537\/","title":{"rendered":"Spotify \u00e4ndrar AI-policy \u2013 ska markeras tydligare"},"content":{"rendered":"<p>Spotify \u00e4ndrar sin AI-policy, rapporterar Techcrunch.<\/p>\n<p>Fram\u00f6ver ska det markeras tydligare n\u00e4r AI har anv\u00e4nts i musikproduktion. Dessutom ska streamingj\u00e4tten anamma en kommande branschstandard f\u00f6r att identifiera AI.<\/p>\n<p>\u2013 Vi vet att AI kommer att anv\u00e4ndas brett med artister och producenter som integrerar AI i olika delar av sin kreativa process, sa Sam Duboff, marknads- och policychef p\u00e5 Spotify, p\u00e5 en presstr\u00e4ff.<\/p>\n<p>Omni \u00e4r politiskt obundna och oberoende. Vi str\u00e4var efter att ge fler perspektiv p\u00e5 nyheterna. Har du fr\u00e5gor eller synpunkter kring v\u00e5r rapportering? <a href=\"https:\/\/omni.se\/spotify-andrar-ai-policy-ska-markeras-tydligare\/a\/mailto:redaktion@omni.se\" class=\"ArticleActions_contactLink__W2F1M\" rel=\"nofollow noopener\" target=\"_blank\">Kontakta redaktionen<\/a><\/p>\n","protected":false},"excerpt":{"rendered":"Spotify \u00e4ndrar sin AI-policy, rapporterar Techcrunch. Fram\u00f6ver ska det markeras tydligare n\u00e4r AI har anv\u00e4nts i musikproduktion. Dessutom&hellip;\n","protected":false},"author":2,"featured_media":39538,"comment_status":"","ping_status":"","sticky":false,"template":"","format":"standard","meta":{"footnotes":""},"categories":[5],"tags":[466,22,23,26,27,17,21,24,25,28,29,172,15,16,18,34,1268,89,1702,31,33,32,30,19,20,398],"class_list":{"0":"post-39537","1":"post","2":"type-post","3":"status-publish","4":"format-standard","5":"has-post-thumbnail","7":"category-rubriker","8":"tag-artificiell-intelligens","9":"tag-breaking-news","10":"tag-breakingnews","11":"tag-featured-news","12":"tag-featurednews","13":"tag-headlines","14":"tag-huvudnyheter","15":"tag-latest-news","16":"tag-latestnews","17":"tag-main-news","18":"tag-mainnews","19":"tag-musik","20":"tag-news","21":"tag-nyheter","22":"tag-rubriker","23":"tag-se","24":"tag-sony","25":"tag-spotify","26":"tag-streaming","27":"tag-svenska","28":"tag-sverige","29":"tag-sweden","30":"tag-swedish","31":"tag-top-stories","32":"tag-topstories","33":"tag-wall-street"},"share_on_mastodon":{"url":"","error":""},"_links":{"self":[{"href":"https:\/\/www.europesays.com\/se\/wp-json\/wp\/v2\/posts\/39537","targetHints":{"allow":["GET"]}}],"collection":[{"href":"https:\/\/www.europesays.com\/se\/wp-json\/wp\/v2\/posts"}],"about":[{"href":"https:\/\/www.europesays.com\/se\/wp-json\/wp\/v2\/types\/post"}],"author":[{"embeddable":true,"href":"https:\/\/www.europesays.com\/se\/wp-json\/wp\/v2\/users\/2"}],"replies":[{"embeddable":true,"href":"https:\/\/www.europesays.com\/se\/wp-json\/wp\/v2\/comments?post=39537"}],"version-history":[{"count":0,"href":"https:\/\/www.europesays.com\/se\/wp-json\/wp\/v2\/posts\/39537\/revisions"}],"wp:featuredmedia":[{"embeddable":true,"href":"https:\/\/www.europesays.com\/se\/wp-json\/wp\/v2\/media\/39538"}],"wp:attachment":[{"href":"https:\/\/www.europesays.com\/se\/wp-json\/wp\/v2\/media?parent=39537"}],"wp:term":[{"taxonomy":"category","embeddable":true,"href":"https:\/\/www.europesays.com\/se\/wp-json\/wp\/v2\/categories?post=39537"},{"taxonomy":"post_tag","embeddable":true,"href":"https:\/\/www.europesays.com\/se\/wp-json\/wp\/v2\/tags?post=39537"}],"curies":[{"name":"wp","href":"https:\/\/api.w.org\/{rel}","templated":true}]}}