{"id":39821,"date":"2025-09-25T21:50:14","date_gmt":"2025-09-25T21:50:14","guid":{"rendered":"https:\/\/www.europesays.com\/se\/39821\/"},"modified":"2025-09-25T21:50:14","modified_gmt":"2025-09-25T21:50:14","slug":"sjukskoterskor-sager-upp-sig-i-protest-fran-capio-st-gorans-sjukhus","status":"publish","type":"post","link":"https:\/\/www.europesays.com\/se\/39821\/","title":{"rendered":"Sjuksk\u00f6terskor s\u00e4ger upp sig i protest fr\u00e5n Capio S:t G\u00f6rans sjukhus"},"content":{"rendered":"<p>Publicerad 25 sep 2025 kl 20.49<\/p>\n<p>Ob-ers\u00e4ttningen minskar kraftigt p\u00e5 S:t G\u00f6rans sjukhus i Stockholm.\u00a0<\/p>\n<p>Nu s\u00e4ger flera sjuksk\u00f6terskor upp sig i protest och f\u00f6rlossningsavdelningen riskerar att st\u00e5 utan personal.<\/p>\n<p>\u2013 Man k\u00e4nner sig inte v\u00e4rdesatt av arbetsgivaren, s\u00e4ger Anna Linder Axeheim, huvudskyddsombud f\u00f6r V\u00e5rdf\u00f6rbundet Capio St G\u00f6ran.<\/p>\n<p>Nyheter, reportage och analyser i Sverige och i \u00f6vriga v\u00e4rlden.<img   alt=\"\"\/><\/p>\n<p>Anna Linder Axeheim, huvudskyddsombud f\u00f6r V\u00e5rdf\u00f6rbundet Capio St G\u00f6ran.<\/p>\n<p>Foto: Privat<\/p>\n<p>\u00d6ppna bild i helsk\u00e4rm<img loading=\"lazy\"   alt=\"\"\/><\/p>\n<p>Capio S:t G\u00f6rans sjukhus.<\/p>\n<p>Foto: PATRIK C \u00d6STERBERG \/ IBL<\/p>\n<p>\u00d6ppna bild i helsk\u00e4rm<\/p>\n<p>Flera sjuksk\u00f6terskor har sagt upp sig i protest p\u00e5 det privat drivna akutsjukhuset Capio S:t G\u00f6ran, enligt <a href=\"https:\/\/www.mitti.se\/nyheter\/sjukskoterskor-sager-upp-sig-efter-besked-om-sankt-lon-6.3.319396.f3250e8e35\" rel=\"nofollow noopener\" target=\"_blank\">Mitti.<\/a>\u00a0<\/p>\n<p>Anledningen \u00e4r att ers\u00e4ttningen f\u00f6r obekv\u00e4m arbetstid kraftigt s\u00e4nks fr\u00e5n och med 19 januari, vilket <a href=\"https:\/\/www.sverigesradio.se\/artikel\/anstallda-far-sankt-lon-st-goran-bloder\" rel=\"nofollow noopener\" target=\"_blank\">P4 Stockholm<\/a> var f\u00f6rst med att rapportera om. En f\u00f6r\u00e4ndring som annonserades f\u00f6r personalen under f\u00f6rra veckan.<\/p>\n<p>F\u00f6r\u00e4ndringen inneb\u00e4r att cirka 600 sjuksk\u00f6terskor f\u00e5r kraftigt s\u00e4nkt OB-ers\u00e4ttning, fr\u00e4mst p\u00e5 akuten och intensivv\u00e5rdsavdelningen, enligt Mitti.\u00a0<\/p>\n<p><a href=\"https:\/\/www.sverigesradio.se\/artikel\/massuppsagningar-pa-st-goran-efter-sankta-loner\" rel=\"nofollow noopener\" target=\"_blank\">Enligt P4 <\/a>har tolv sjuksk\u00f6terskor p\u00e5 intensivavdelningen sagt upp sig.\u00a0<\/p>\n<p>\u2013 Vi ser det som beklagligt att arbetsgivaren genomf\u00f6r besparingar p\u00e5 personalen som \u00e4r v\u00e5r fr\u00e4msta resurs, s\u00e4ger Anna Linder Axeheim, huvudskyddsombud f\u00f6r <a href=\"https:\/\/www.expressen.se\/tagg\/organization\/vardforbundet\/\" class=\"\" rel=\"nofollow noopener\" target=\"_blank\">V\u00e5rdf\u00f6rbundet<\/a> Capio St G\u00f6ran.<\/p>\n<p>Hon jobbar sj\u00e4lv akutmottagningen och \u00e4r en av dem som p\u00e5verkas.<\/p>\n<p>P\u00e5verkar 600 sjuksk\u00f6terskor\u00a0<\/p>\n<p>Sjukhuset g\u00e5r med f\u00f6rlust och har d\u00e4rf\u00f6r valt att sk\u00e4ra ner p\u00e5 personalkostnaderna.\u00a0<\/p>\n<p>I mitten av september tecknade fack och arbetsgivare ett nytt lokalt kollektivavtal, efter h\u00e5rda f\u00f6rhandlingar sedan i december f\u00f6rra \u00e5ret.<\/p>\n<p>Det nya avtalet beh\u00e5ller den tidigare po\u00e4ngtabellen som styr ob-ers\u00e4ttningarna men s\u00e4nker ers\u00e4ttningsbeloppen.\u00a0<\/p>\n<p>\u2013 Vi har k\u00e4mpat med n\u00e4bbar och klor f\u00f6r att minska de besk\u00e4rningar som arbetsgivaren har velat genomf\u00f6ra. Vi har lyckats f\u00f6rhandla ner det ursprungliga budet till en tredjedel av besk\u00e4rningarna. Men det h\u00e4r \u00e4r en s\u00e4mre ers\u00e4ttning vid obekv\u00e4m arbetstid, det g\u00e5r inte att sticka under stolen med, s\u00e4ger Anna Linder Axeheim.<\/p>\n<p>Hon ber\u00e4ttar att det finns ett stort missn\u00f6je bland de anst\u00e4llda.<\/p>\n<p>\u2013 Det finns en stor k\u00e4nsla av besvikelse och frustration d\u00e4r man inte k\u00e4nner sig v\u00e4rdesatt av arbetsgivaren, s\u00e4ger Anna Linder Axeheim.<\/p>\n<p>Risk f\u00f6r fler upps\u00e4gningar\u00a0<\/p>\n<p><a href=\"https:\/\/www.mitti.se\/nyheter\/skarpa-hotet-forlossningen-riskerar-sta-utan-nattpersonal-6.3.319502.0fa8aa83c1\" rel=\"nofollow noopener\" target=\"_blank\">Mitti har pratat<\/a> med undersk\u00f6terskor p\u00e5 sjukhuset vars ers\u00e4ttning minskar mest med det nya systemet.\u00a0<\/p>\n<p>Samtliga elva nattarbetande undersk\u00f6terskor p\u00e5 f\u00f6rlossningsavdelningen planerar att s\u00e4ga upp sig, uppger en av de anst\u00e4llda till tidningen.\u00a0<\/p>\n<p>\u2013 Vi som redan tj\u00e4nar minst drabbas mest fast vi jobbar mer \u00e4n andra. Jag kommer inte att stanna kvar med de h\u00e4r villkoren, s\u00e4ger en av undersk\u00f6terskorna som Mitt i pratat med.<\/p>\n<p>Annons<\/p>\n<p>Uppgifter: 4 000 kronor mindre\u00a0<\/p>\n<p>Enligt P4 Stockholm inneb\u00e4r f\u00f6r\u00e4ndringen en minskning i inkomst med cirka 4 000 kronor i m\u00e5naden f\u00f6r en undersk\u00f6terska och 2 000 kronor f\u00f6r en sjuksk\u00f6terska.\u00a0<\/p>\n<p>Anna Linder Axheim menar att det \u00e4r sv\u00e5rt att r\u00e4kna ut exakt hur m\u00e5nga kronor det handlar om eftersom ob-ers\u00e4ttningen r\u00e4knas ut procentuellt och baserar sig p\u00e5 det individuella schemat.<\/p>\n<p>\u2013 Jag kan inte verifiera de uppgifterna, men det l\u00e5ter inte orimligt, s\u00e4ger Anna Linder Axheim.\u00a0<\/p>\n<p>Konsekvenserna<\/p>\n<p>Enligt V\u00e5rdf\u00f6rbundet finns det nu risk f\u00f6r h\u00f6gre arbetsbelastning och en mer anstr\u00e4ngd arbetsmilj\u00f6 f\u00f6r de sjuksk\u00f6terskor som blir kvar.<\/p>\n<p><strong>Kan det p\u00e5verka patienterna?\u00a0<\/strong><\/p>\n<p>\u2013 Jag kan bara spekulera, men f\u00e4rre personer p\u00e5 golvet l\u00e5ter logiskt sett inte som n\u00e5gonting som g\u00f6r patients\u00e4kerheten b\u00e4ttre. Redan i dag \u00e4r det brist p\u00e5 sjuksk\u00f6terskor. Tar du d\u00e5 bort personal fr\u00e5n golvet blir det anstr\u00e4ngt, s\u00e4ger Anna Linder Axheim.<\/p>\n<p>Ledningen: Tar p\u00e5 allvar\u00a0<\/p>\n<p>Ledningen har inte velat kommentera upps\u00e4gningarna, men HR-chefen Rigmor Anshelm s\u00e4ger till Mitt i att OB-ers\u00e4ttningen fortfarande \u00e4r \u201dmer f\u00f6rm\u00e5nlig \u00e4n det centrala kollektivavtalet som finns p\u00e5 \u00f6vriga akutsjukhus i Region Stockholm\u201d.<\/p>\n<p>Hon uppger vidare att man inte sett n\u00e5gra effekter av upps\u00e4gningarna och att \u201dbemannat f\u00f6r att s\u00e4kerst\u00e4lla en god och patients\u00e4ker v\u00e5rd\u201d.<\/p>\n<p>\u2013 V\u00e5ra medarbetare \u00e4r v\u00e5r fr\u00e4msta tillg\u00e5ng och vi tar reaktionerna p\u00e5 stort allvar. Vi arbetar nu tillsammans med v\u00e5ra fackliga parter f\u00f6r att s\u00e4kerst\u00e4lla en god arbetsmilj\u00f6 och god v\u00e5rd f\u00f6r patienter, s\u00e4ger hon till Mitti.<\/p>\n<p>Expressen har s\u00f6kt HR-chefen och sjukhuset utan svar.\u00a0<\/p>\n","protected":false},"excerpt":{"rendered":"Publicerad 25 sep 2025 kl 20.49 Ob-ers\u00e4ttningen minskar kraftigt p\u00e5 S:t G\u00f6rans sjukhus i Stockholm.\u00a0 Nu s\u00e4ger flera&hellip;\n","protected":false},"author":2,"featured_media":39822,"comment_status":"","ping_status":"","sticky":false,"template":"","format":"standard","meta":{"footnotes":""},"categories":[5],"tags":[22,23,26,27,17,21,24,25,135,28,29,15,16,4157,18,34,154,31,33,32,30,19,688,20],"class_list":{"0":"post-39821","1":"post","2":"type-post","3":"status-publish","4":"format-standard","5":"has-post-thumbnail","7":"category-rubriker","8":"tag-breaking-news","9":"tag-breakingnews","10":"tag-featured-news","11":"tag-featurednews","12":"tag-headlines","13":"tag-huvudnyheter","14":"tag-latest-news","15":"tag-latestnews","16":"tag-location-stockholm","17":"tag-main-news","18":"tag-mainnews","19":"tag-news","20":"tag-nyheter","21":"tag-organization-vardforbundet","22":"tag-rubriker","23":"tag-se","24":"tag-sections-sverige","25":"tag-svenska","26":"tag-sverige","27":"tag-sweden","28":"tag-swedish","29":"tag-top-stories","30":"tag-topic-halsa-sjukvard","31":"tag-topstories"},"share_on_mastodon":{"url":"","error":""},"_links":{"self":[{"href":"https:\/\/www.europesays.com\/se\/wp-json\/wp\/v2\/posts\/39821","targetHints":{"allow":["GET"]}}],"collection":[{"href":"https:\/\/www.europesays.com\/se\/wp-json\/wp\/v2\/posts"}],"about":[{"href":"https:\/\/www.europesays.com\/se\/wp-json\/wp\/v2\/types\/post"}],"author":[{"embeddable":true,"href":"https:\/\/www.europesays.com\/se\/wp-json\/wp\/v2\/users\/2"}],"replies":[{"embeddable":true,"href":"https:\/\/www.europesays.com\/se\/wp-json\/wp\/v2\/comments?post=39821"}],"version-history":[{"count":0,"href":"https:\/\/www.europesays.com\/se\/wp-json\/wp\/v2\/posts\/39821\/revisions"}],"wp:featuredmedia":[{"embeddable":true,"href":"https:\/\/www.europesays.com\/se\/wp-json\/wp\/v2\/media\/39822"}],"wp:attachment":[{"href":"https:\/\/www.europesays.com\/se\/wp-json\/wp\/v2\/media?parent=39821"}],"wp:term":[{"taxonomy":"category","embeddable":true,"href":"https:\/\/www.europesays.com\/se\/wp-json\/wp\/v2\/categories?post=39821"},{"taxonomy":"post_tag","embeddable":true,"href":"https:\/\/www.europesays.com\/se\/wp-json\/wp\/v2\/tags?post=39821"}],"curies":[{"name":"wp","href":"https:\/\/api.w.org\/{rel}","templated":true}]}}