{"id":39825,"date":"2025-09-25T21:54:07","date_gmt":"2025-09-25T21:54:07","guid":{"rendered":"https:\/\/www.europesays.com\/se\/39825\/"},"modified":"2025-09-25T21:54:07","modified_gmt":"2025-09-25T21:54:07","slug":"apple-iphone-17-far-kritik-for-kanslig-yta","status":"publish","type":"post","link":"https:\/\/www.europesays.com\/se\/39825\/","title":{"rendered":"Apple iPhone 17 f\u00e5r kritik f\u00f6r k\u00e4nslig yta"},"content":{"rendered":"<p>Publicerad 25 sep 2025 kl 23.38<\/p>\n<p>Apple lovade en t\u00e5ligare design.\u00a0<\/p>\n<p>Anv\u00e4ndarna fick n\u00e5got helt annat.\u00a0<\/p>\n<p>Bara dagar efter lanseringen av Iphone 17 har klagom\u00e5len str\u00f6mmat in.<\/p>\n<p>Apple presenterade Iphone Air: &#8221;Inte s\u00e4ker p\u00e5 att det finns en efterfr\u00e5gan&#8221;<img loading=\"lazy\"   alt=\"\"\/><\/p>\n<p>IPhone 17 i f\u00e4rgen orange, en f\u00e4rg som ska vara extra otursdrabbad n\u00e4r det kommer till repor.<\/p>\n<p>Foto: NAZIR\/NURPHOTO\/SHUTTERSTOCK \/ SHUTTERSTOCK EDITORIAL\/IBL<\/p>\n<p>\u00d6ppna bild i helsk\u00e4rm<img loading=\"lazy\"   alt=\"\"\/><\/p>\n<p>Folk k\u00f6ar f\u00f6r att k\u00f6ra nya telefonen vid lanseringen i Madrid.<\/p>\n<p>Foto: CANALES\/SOPA IMAGES\/SHUTTERSTOCK \/ SHUTTERSTOCK EDITORIAL\/IBL<\/p>\n<p>\u00d6ppna bild i helsk\u00e4rm<\/p>\n<p>De v\u00e4rst drabbade mobilerna tycks vara den svarta Air-modellen och de bl\u00e5a Pro- och Pro Max-versionerna. \u00c4ven de orange enheterna har f\u00e5tt synliga m\u00e4rken efter kort tids anv\u00e4ndning, <a href=\"https:\/\/www.independent.co.uk\/tech\/iphone-17-scratch-scratchgate-pro-air-b2831102.html\" rel=\"nofollow noopener\" target=\"_blank\">skriver The Independent<\/a>.<\/p>\n<p>Flera anv\u00e4ndare vittnar om att det r\u00e4ckt med att l\u00e4gga mobilen i fickan eller p\u00e5 ett bord f\u00f6r att ytan ska repas. Problemen har f\u00e5tt namnet \u201dScratchgate\u201d.<\/p>\n<p>Teknikkanalen <a href=\"https:\/\/www.youtube.com\/watch?v=KrOBzFwVzwA\" rel=\"nofollow noopener\" target=\"_blank\">JerryRigEverything<\/a>, med n\u00e4stan tio miljoner prenumeranter p\u00e5 Youtube, genomf\u00f6rde ett klassiskt h\u00e5llbarhetstest: nycklar, skruvmejslar och knivar mot baksidan.<\/p>\n<p>Apples svar<\/p>\n<p>Resultatet? De bl\u00e5 och orange Pro-modellerna fick repor n\u00e4stan direkt, trots att <a href=\"https:\/\/www.expressen.se\/tagg\/organization\/apple\/\" class=\"\" rel=\"nofollow noopener\" target=\"_blank\">Apple<\/a> vid lanseringen p\u00e5stod att den keramiska panelen skulle vara tre g\u00e5nger mer rept\u00e5lig \u00e4n f\u00f6reg\u00e5ngaren.<\/p>\n<p>P\u00e5 Instagram delade kontot @technology, med mer \u00e4n 5,8 miljoner f\u00f6ljare, <a href=\"https:\/\/www.instagram.com\/p\/DO6pNmACcCG\/\" rel=\"nofollow noopener\" target=\"_blank\">ett inl\u00e4gg<\/a> om hur Iphoneanv\u00e4ndare ifr\u00e5gas\u00e4tter Apples h\u00e5llbarhetsl\u00f6ften och rekommenderar varandra att skaffa skal.<\/p>\n<p>Apple uppger f\u00f6r <a href=\"https:\/\/www.cnet.com\/tech\/mobile\/iphone-17-scratch-mystery-solved-heres-apples-explanation\/\" rel=\"nofollow noopener\" target=\"_blank\">CNET<\/a> att slitna MagSafe-laddare orsakat m\u00e4rken p\u00e5 vissa demotelefoner i butiker, men att de g\u00e5r att reng\u00f6ra.<\/p>\n<p>Vidare menar f\u00f6retaget dock att ytbehandlingen \u00e4r lika h\u00e5llbar som p\u00e5 andra produkter och \u00f6vertr\u00e4ffar branschstandard, \u00e4ven om visst slitage kan uppst\u00e5 \u00f6ver tid.<\/p>\n<p><script async src=\"\/\/www.instagram.com\/embed.js\"><\/script><\/p>\n","protected":false},"excerpt":{"rendered":"Publicerad 25 sep 2025 kl 23.38 Apple lovade en t\u00e5ligare design.\u00a0 Anv\u00e4ndarna fick n\u00e5got helt annat.\u00a0 Bara dagar&hellip;\n","protected":false},"author":2,"featured_media":39826,"comment_status":"","ping_status":"","sticky":false,"template":"","format":"standard","meta":{"footnotes":""},"categories":[66],"tags":[3082,2172,80,78,79,34,61,31,33,32,30,81,84,63,83,82],"class_list":{"0":"post-39825","1":"post","2":"type-post","3":"status-publish","4":"format-standard","5":"has-post-thumbnail","7":"category-vetenskap-och-teknik","8":"tag-organization-apple","9":"tag-organization-x","10":"tag-science","11":"tag-science-and-technology","12":"tag-scienceandtechnology","13":"tag-se","14":"tag-sections-tech","15":"tag-svenska","16":"tag-sverige","17":"tag-sweden","18":"tag-swedish","19":"tag-technology","20":"tag-teknik","21":"tag-topic-teknik-elektronik","22":"tag-vetenskap","23":"tag-vetenskapteknik"},"share_on_mastodon":{"url":"","error":""},"_links":{"self":[{"href":"https:\/\/www.europesays.com\/se\/wp-json\/wp\/v2\/posts\/39825","targetHints":{"allow":["GET"]}}],"collection":[{"href":"https:\/\/www.europesays.com\/se\/wp-json\/wp\/v2\/posts"}],"about":[{"href":"https:\/\/www.europesays.com\/se\/wp-json\/wp\/v2\/types\/post"}],"author":[{"embeddable":true,"href":"https:\/\/www.europesays.com\/se\/wp-json\/wp\/v2\/users\/2"}],"replies":[{"embeddable":true,"href":"https:\/\/www.europesays.com\/se\/wp-json\/wp\/v2\/comments?post=39825"}],"version-history":[{"count":0,"href":"https:\/\/www.europesays.com\/se\/wp-json\/wp\/v2\/posts\/39825\/revisions"}],"wp:featuredmedia":[{"embeddable":true,"href":"https:\/\/www.europesays.com\/se\/wp-json\/wp\/v2\/media\/39826"}],"wp:attachment":[{"href":"https:\/\/www.europesays.com\/se\/wp-json\/wp\/v2\/media?parent=39825"}],"wp:term":[{"taxonomy":"category","embeddable":true,"href":"https:\/\/www.europesays.com\/se\/wp-json\/wp\/v2\/categories?post=39825"},{"taxonomy":"post_tag","embeddable":true,"href":"https:\/\/www.europesays.com\/se\/wp-json\/wp\/v2\/tags?post=39825"}],"curies":[{"name":"wp","href":"https:\/\/api.w.org\/{rel}","templated":true}]}}