{"id":39911,"date":"2025-09-26T01:03:19","date_gmt":"2025-09-26T01:03:19","guid":{"rendered":"https:\/\/www.europesays.com\/se\/39911\/"},"modified":"2025-09-26T01:03:19","modified_gmt":"2025-09-26T01:03:19","slug":"ryska-flyg-kan-skjutas-ner-i-natos-luftrum","status":"publish","type":"post","link":"https:\/\/www.europesays.com\/se\/39911\/","title":{"rendered":"Ryska flyg kan skjutas ner i Natos luftrum"},"content":{"rendered":"<p>Natol\u00e4nderna kan skjuta ner ryska flyg som befinner sig i Natos luftrum. Det s\u00e4ger Natochefen Mark Rutte p\u00e5 torsdagen, enligt Reuters. <\/p>\n<p>\u2013 Om det \u00e4r n\u00f6dv\u00e4ndigt. S\u00e5 jag \u00e4r helt enig med president Trump om detta, om det \u00e4r n\u00f6dv\u00e4ndigt, s\u00e4ger Mark Rutte i Fox News, skriver flera medier. <\/p>\n<p>Tidigare i veckan sade USA:s president Donald Trump att Natol\u00e4nderna borde skjuta ner ryska dr\u00f6nare och flygplan om de kr\u00e4nker deras luftrum, enligt Reuters.  <\/p>\n<p>Omni \u00e4r politiskt obundna och oberoende. Vi str\u00e4var efter att ge fler perspektiv p\u00e5 nyheterna. Har du fr\u00e5gor eller synpunkter kring v\u00e5r rapportering? <a href=\"https:\/\/omni.se\/rutte-ryska-flyg-kan-skjutas-ner-i-natos-luftrum\/a\/mailto:redaktion@omni.se\" class=\"ArticleActions_contactLink__W2F1M\" rel=\"nofollow noopener\" target=\"_blank\">Kontakta redaktionen<\/a><\/p>\n","protected":false},"excerpt":{"rendered":"Natol\u00e4nderna kan skjuta ner ryska flyg som befinner sig i Natos luftrum. Det s\u00e4ger Natochefen Mark Rutte p\u00e5&hellip;\n","protected":false},"author":2,"featured_media":39912,"comment_status":"","ping_status":"","sticky":false,"template":"","format":"standard","meta":{"footnotes":""},"categories":[5],"tags":[22,23,385,1561,267,26,27,17,21,24,25,28,29,3996,999,15,16,18,264,34,31,33,32,30,19,20],"class_list":{"0":"post-39911","1":"post","2":"type-post","3":"status-publish","4":"format-standard","5":"has-post-thumbnail","7":"category-rubriker","8":"tag-breaking-news","9":"tag-breakingnews","10":"tag-donald-trump","11":"tag-estland","12":"tag-europa","13":"tag-featured-news","14":"tag-featurednews","15":"tag-headlines","16":"tag-huvudnyheter","17":"tag-latest-news","18":"tag-latestnews","19":"tag-main-news","20":"tag-mainnews","21":"tag-mark-rutte","22":"tag-nato","23":"tag-news","24":"tag-nyheter","25":"tag-rubriker","26":"tag-ryssland","27":"tag-se","28":"tag-svenska","29":"tag-sverige","30":"tag-sweden","31":"tag-swedish","32":"tag-top-stories","33":"tag-topstories"},"share_on_mastodon":{"url":"","error":""},"_links":{"self":[{"href":"https:\/\/www.europesays.com\/se\/wp-json\/wp\/v2\/posts\/39911","targetHints":{"allow":["GET"]}}],"collection":[{"href":"https:\/\/www.europesays.com\/se\/wp-json\/wp\/v2\/posts"}],"about":[{"href":"https:\/\/www.europesays.com\/se\/wp-json\/wp\/v2\/types\/post"}],"author":[{"embeddable":true,"href":"https:\/\/www.europesays.com\/se\/wp-json\/wp\/v2\/users\/2"}],"replies":[{"embeddable":true,"href":"https:\/\/www.europesays.com\/se\/wp-json\/wp\/v2\/comments?post=39911"}],"version-history":[{"count":0,"href":"https:\/\/www.europesays.com\/se\/wp-json\/wp\/v2\/posts\/39911\/revisions"}],"wp:featuredmedia":[{"embeddable":true,"href":"https:\/\/www.europesays.com\/se\/wp-json\/wp\/v2\/media\/39912"}],"wp:attachment":[{"href":"https:\/\/www.europesays.com\/se\/wp-json\/wp\/v2\/media?parent=39911"}],"wp:term":[{"taxonomy":"category","embeddable":true,"href":"https:\/\/www.europesays.com\/se\/wp-json\/wp\/v2\/categories?post=39911"},{"taxonomy":"post_tag","embeddable":true,"href":"https:\/\/www.europesays.com\/se\/wp-json\/wp\/v2\/tags?post=39911"}],"curies":[{"name":"wp","href":"https:\/\/api.w.org\/{rel}","templated":true}]}}