{"id":40005,"date":"2025-09-26T05:06:08","date_gmt":"2025-09-26T05:06:08","guid":{"rendered":"https:\/\/www.europesays.com\/se\/40005\/"},"modified":"2025-09-26T05:06:08","modified_gmt":"2025-09-26T05:06:08","slug":"lars-frolander-svarar-sarah-sjostrom-och-andra-kompenseras-med-42-miljoner","status":"publish","type":"post","link":"https:\/\/www.europesays.com\/se\/40005\/","title":{"rendered":"Lars Fr\u00f6lander svarar \u2013\u00a0Sarah Sj\u00f6str\u00f6m och andra kompenseras med 42 miljoner"},"content":{"rendered":"<p>Publicerad 26 sep 2025 kl 06.36Uppdaterad kl 06.43<\/p>\n<p>Ett infekterat br\u00e5k har skakat simv\u00e4rlden.\u00a0<\/p>\n<p>N\u00e5got som f\u00e5r den f\u00f6re detta OS-hj\u00e4lten Lars Fr\u00f6lander att reagera starkt.\u00a0<\/p>\n<p>\u2013 Det \u00e4r v\u00e4ldigt tydligt att de har hotat simmare, s\u00e4ger Fr\u00f6lander.<\/p>\n<p><img loading=\"lazy\"   alt=\"\"\/><\/p>\n<p>Lars Fr\u00f6lander.<\/p>\n<p>Foto: OLLE SPORRONG<\/p>\n<p>\u00d6ppna bild i helsk\u00e4rm<img loading=\"lazy\"   alt=\"\"\/><\/p>\n<p>Sarah Sj\u00f6str\u00f6m.<\/p>\n<p>Foto: MOA K\u00c4LLSTR\u00d6M<\/p>\n<p>\u00d6ppna bild i helsk\u00e4rm<\/p>\n<p>Sarah Sj\u00f6str\u00f6m och flera andra simstj\u00e4rnor kommer att kompenseras efter ett stort br\u00e5k med internationella simf\u00f6rbundet.<\/p>\n<p>Det meddelade det internationella simf\u00f6rbundet Fina tidigare i september.\u00a0<\/p>\n<p>Bakgrunden till det infekterade br\u00e5ket handlar proffstouren ISL, International Swimming League. En proffstour som fanns mellan 2019 och 2021 och som startades av den ukrainske miljard\u00e4ren Konstantin Grigorisjin.<\/p>\n<p>Och en tour som det internationella simf\u00f6rbundet gjorde allt f\u00f6r att stoppa.\u00a0<\/p>\n<p>Sarah Sj\u00f6str\u00f6m, som var en av simmarna p\u00e5 touren, har bland annat ber\u00e4ttat hur hon innan en v\u00e4rldscupt\u00e4vling i Singapore 2018 utsattes f\u00f6r hot och p\u00e5tryckningar om avst\u00e4ngning.<\/p>\n<p>2022 pausades ISL-touren n\u00e4r Rysslands anfallskrig mot Ukraina inleddes.\u00a0<\/p>\n<p>Men samtidigt st\u00e4mde ocks\u00e5 ombud f\u00f6r simeliten det internationella simf\u00f6rbundet vid en domstol i USA. N\u00e5got som nyligen slutade med en f\u00f6rlikning och nu tvingar Fina att kompensera simmarna. Drygt 42 miljoner kronor ska avs\u00e4ttas i en fond f\u00f6r att kompensera de simmare som skrev p\u00e5 f\u00f6r ISL-serien 2018 och 2019.<\/p>\n<p>Fr\u00f6lander: \u201dTydligt att de hotade\u201d<\/p>\n<p>Den f\u00f6re detta simstj\u00e4rnan <a href=\"https:\/\/www.expressen.se\/tagg\/person\/lars-frolander\/\" class=\"\" rel=\"nofollow noopener\" target=\"_blank\">Lars Fr\u00f6lander<\/a>, som i dag \u00e4r verksam som simtr\u00e4nare och tv-expert, ser positivt p\u00e5 att simf\u00f6rbundet straffas efter br\u00e5ket.\u00a0<\/p>\n<p>\u2013 Jag tycker att det \u00e4r j\u00e4ttebra att simv\u00e4rlden s\u00e4tter ner foten mot det internationella simf\u00f6rbundet som tror att de ska f\u00e5 diktera som de vill, s\u00e4ger Fr\u00f6lander och \u00e4r starkt kritisk till det internationella f\u00f6rbundets agerande.\u00a0<\/p>\n<p>\u2013 Det var v\u00e4ldigt tydligt att de hotade simmare som st\u00e4llde upp, det var hot om att de inte skulle f\u00e5 delta i VM och flera andra s\u00e5dana saker. Vilket \u00e4r helt absurt, att de tror att de ska kunna ha den makten.\u00a0<\/p>\n<p><img loading=\"lazy\"   alt=\"\"\/><\/p>\n<p>Lars Fr\u00f6lander \u00e4r kritisk till simf\u00f6rbundets agerande.<\/p>\n<p>Foto: OLLE SPORRONG<\/p>\n<p>\u00d6ppna bild i helsk\u00e4rmFr\u00f6lander: \u201dT\u00e4nker p\u00e5 sig sj\u00e4lv\u201d<\/p>\n<p>Fr\u00f6lander menar att utg\u00e5ngen i br\u00e5ket var en seger f\u00f6r alla atleter.\u00a0<\/p>\n<p>\u2013 Helt pl\u00f6tsligt tvingades ju Fina att \u00f6ppna upp pl\u00e5nboken och h\u00f6ja prispengarna f\u00f6r att locka simmarna till sina egna t\u00e4vlingar. Och det \u00e4r s\u00e5 klart superpositivt.\u00a0<\/p>\n<p>\u2013 Det visar att det verkligen beh\u00f6vs konkurens f\u00f6r att de \u00e4r pamparna, som uppenbarligen mest t\u00e4nker p\u00e5 sig sj\u00e4lva och inte bryr sig om simmarna, ska vakna.<\/p>\n","protected":false},"excerpt":{"rendered":"Publicerad 26 sep 2025 kl 06.36Uppdaterad kl 06.43 Ett infekterat br\u00e5k har skakat simv\u00e4rlden.\u00a0 N\u00e5got som f\u00e5r den&hellip;\n","protected":false},"author":2,"featured_media":40006,"comment_status":"","ping_status":"","sticky":false,"template":"","format":"standard","meta":{"footnotes":""},"categories":[5],"tags":[22,23,26,27,17,21,24,25,28,29,15,16,4170,4171,18,34,31,33,32,30,19,20],"class_list":{"0":"post-40005","1":"post","2":"type-post","3":"status-publish","4":"format-standard","5":"has-post-thumbnail","7":"category-rubriker","8":"tag-breaking-news","9":"tag-breakingnews","10":"tag-featured-news","11":"tag-featurednews","12":"tag-headlines","13":"tag-huvudnyheter","14":"tag-latest-news","15":"tag-latestnews","16":"tag-main-news","17":"tag-mainnews","18":"tag-news","19":"tag-nyheter","20":"tag-person-lars-frolander","21":"tag-person-sarah-sjostrom","22":"tag-rubriker","23":"tag-se","24":"tag-svenska","25":"tag-sverige","26":"tag-sweden","27":"tag-swedish","28":"tag-top-stories","29":"tag-topstories"},"share_on_mastodon":{"url":"","error":""},"_links":{"self":[{"href":"https:\/\/www.europesays.com\/se\/wp-json\/wp\/v2\/posts\/40005","targetHints":{"allow":["GET"]}}],"collection":[{"href":"https:\/\/www.europesays.com\/se\/wp-json\/wp\/v2\/posts"}],"about":[{"href":"https:\/\/www.europesays.com\/se\/wp-json\/wp\/v2\/types\/post"}],"author":[{"embeddable":true,"href":"https:\/\/www.europesays.com\/se\/wp-json\/wp\/v2\/users\/2"}],"replies":[{"embeddable":true,"href":"https:\/\/www.europesays.com\/se\/wp-json\/wp\/v2\/comments?post=40005"}],"version-history":[{"count":0,"href":"https:\/\/www.europesays.com\/se\/wp-json\/wp\/v2\/posts\/40005\/revisions"}],"wp:featuredmedia":[{"embeddable":true,"href":"https:\/\/www.europesays.com\/se\/wp-json\/wp\/v2\/media\/40006"}],"wp:attachment":[{"href":"https:\/\/www.europesays.com\/se\/wp-json\/wp\/v2\/media?parent=40005"}],"wp:term":[{"taxonomy":"category","embeddable":true,"href":"https:\/\/www.europesays.com\/se\/wp-json\/wp\/v2\/categories?post=40005"},{"taxonomy":"post_tag","embeddable":true,"href":"https:\/\/www.europesays.com\/se\/wp-json\/wp\/v2\/tags?post=40005"}],"curies":[{"name":"wp","href":"https:\/\/api.w.org\/{rel}","templated":true}]}}