{"id":4021,"date":"2025-08-13T19:37:07","date_gmt":"2025-08-13T19:37:07","guid":{"rendered":"https:\/\/www.europesays.com\/se\/4021\/"},"modified":"2025-08-13T19:37:07","modified_gmt":"2025-08-13T19:37:07","slug":"podcast-spannande-borshost-vantar-nextconomy","status":"publish","type":"post","link":"https:\/\/www.europesays.com\/se\/4021\/","title":{"rendered":"Podcast: Sp\u00e4nnande b\u00f6rsh\u00f6st v\u00e4ntar &#8211; Nextconomy"},"content":{"rendered":"<p>                    <img decoding=\"async\" src=\"https:\/\/www.europesays.com\/se\/wp-content\/uploads\/2025\/08\/maria-landeborn-300x300-1-17176-150x150.jpg\" alt=\"\" class=\"writer--image\"\/><\/p>\n<p>                    13 aug 2025<\/p>\n<p>I veckans podd sammanfattar vi de viktigaste h\u00e4ndelserna under sommaren som f\u00e5tt b\u00f6rserna i b\u00e5de Europa och USA att stiga till nya rekordniv\u00e5er. Vi listar ocks\u00e5 de viktigaste faktorerna f\u00f6r marknaden i h\u00f6st som kan avg\u00f6ra om uppg\u00e5ngen forts\u00e4tter. Veckans fr\u00e5ga handlar om den svenska bostadsmarknaden d\u00e4r priserna backat under sommaren.<\/p>\n","protected":false},"excerpt":{"rendered":"13 aug 2025 I veckans podd sammanfattar vi de viktigaste h\u00e4ndelserna under sommaren som f\u00e5tt b\u00f6rserna i b\u00e5de&hellip;\n","protected":false},"author":2,"featured_media":4022,"comment_status":"","ping_status":"","sticky":false,"template":"","format":"standard","meta":{"footnotes":""},"categories":[65],"tags":[777,392,72,70,71,778,34,31,33,32,30],"class_list":{"0":"post-4021","1":"post","2":"type-post","3":"status-publish","4":"format-standard","5":"has-post-thumbnail","7":"category-ekonomi","8":"tag-aktier","9":"tag-borsen","10":"tag-business","11":"tag-economy","12":"tag-ekonomi","13":"tag-nextconomy-podcast","14":"tag-se","15":"tag-svenska","16":"tag-sverige","17":"tag-sweden","18":"tag-swedish"},"share_on_mastodon":{"url":"","error":""},"_links":{"self":[{"href":"https:\/\/www.europesays.com\/se\/wp-json\/wp\/v2\/posts\/4021","targetHints":{"allow":["GET"]}}],"collection":[{"href":"https:\/\/www.europesays.com\/se\/wp-json\/wp\/v2\/posts"}],"about":[{"href":"https:\/\/www.europesays.com\/se\/wp-json\/wp\/v2\/types\/post"}],"author":[{"embeddable":true,"href":"https:\/\/www.europesays.com\/se\/wp-json\/wp\/v2\/users\/2"}],"replies":[{"embeddable":true,"href":"https:\/\/www.europesays.com\/se\/wp-json\/wp\/v2\/comments?post=4021"}],"version-history":[{"count":0,"href":"https:\/\/www.europesays.com\/se\/wp-json\/wp\/v2\/posts\/4021\/revisions"}],"wp:featuredmedia":[{"embeddable":true,"href":"https:\/\/www.europesays.com\/se\/wp-json\/wp\/v2\/media\/4022"}],"wp:attachment":[{"href":"https:\/\/www.europesays.com\/se\/wp-json\/wp\/v2\/media?parent=4021"}],"wp:term":[{"taxonomy":"category","embeddable":true,"href":"https:\/\/www.europesays.com\/se\/wp-json\/wp\/v2\/categories?post=4021"},{"taxonomy":"post_tag","embeddable":true,"href":"https:\/\/www.europesays.com\/se\/wp-json\/wp\/v2\/tags?post=4021"}],"curies":[{"name":"wp","href":"https:\/\/api.w.org\/{rel}","templated":true}]}}