{"id":40270,"date":"2025-09-26T10:31:11","date_gmt":"2025-09-26T10:31:11","guid":{"rendered":"https:\/\/www.europesays.com\/se\/40270\/"},"modified":"2025-09-26T10:31:11","modified_gmt":"2025-09-26T10:31:11","slug":"trump-har-rivit-den-tidigare-sa-heliga-barriaren","status":"publish","type":"post","link":"https:\/\/www.europesays.com\/se\/40270\/","title":{"rendered":"Trump har rivit den tidigare s\u00e5 heliga barri\u00e4ren"},"content":{"rendered":"<p>\u00c5talet mot tidigare FBI-chefen James Comey kommer mindre \u00e4n en vecka efter att Donald Trump p\u00e5 sociala medier uppmanade att flera kritiker, bland dem just Comey, skulle st\u00e4llas inf\u00f6r r\u00e4tta, konstaterar BBC:s Anthony Zurcher i en analys. <\/p>\n<p>\u00c5talet, som handlar om att Comey ska ha l\u00e4ckt uppgifter om den s\u00e5 kallade Rysslandsutredningen till medier, \u00e4r en del i Trumps str\u00e4van efter att h\u00e4mnas p\u00e5 sina motst\u00e5ndare och visar att justitieminister Pam Bondi inte drar sig f\u00f6r att anv\u00e4nda justitiedepartementets makt som ett vapen, skriver han.<\/p>\n<p>\u201dOm det fanns n\u00e5got kvar av den en g\u00e5ng s\u00e5 starka barri\u00e4ren mellan departementet och Vita huset \u2013 som l\u00e4nge betraktades som helig av presidenter fr\u00e5n b\u00e5da partierna \u2013 s\u00e5 \u00e4r den nu borta.\u201d<\/p>\n<p>New York Times Alan Feuer, Jonah E Bromwich och Maggie Haberman beskriver \u00e5talet som extraordin\u00e4rt. <\/p>\n<p>\u201dEn oerfaren \u00e5klagare lojal med Trump, som haft sitt jobb mindre \u00e4n en vecka, \u00e5talar en av sin chefs fr\u00e4msta motst\u00e5ndare\u201d, sammanfattar de. <\/p>\n<p>De skriver vidare att \u00e5talet \u00e4r det tydligaste exemplet hittills p\u00e5 hur den normala juridiska processen har f\u00f6r\u00e4ndrats under Trump. <\/p>\n<p>CNN:s Aaron Blake beskriver \u00e4rendet som radikalt \u00e4ven med Trumps m\u00e5tt m\u00e4tt. <\/p>\n<p>\u201dEfter att g\u00e5ng p\u00e5 g\u00e5ng ha pr\u00f6vat gr\u00e4nserna f\u00f6r den amerikanska demokratin under sin andra mandatperiod, \u00f6vertr\u00e4der nu president Donald Trump dem \u2014 i rasande fart\u201d, skriver han.<\/p>\n<p>Omni \u00e4r politiskt obundna och oberoende. Vi str\u00e4var efter att ge fler perspektiv p\u00e5 nyheterna. Har du fr\u00e5gor eller synpunkter kring v\u00e5r rapportering? <a href=\"https:\/\/omni.se\/analys-trump-har-rivit-den-tidigare-sa-heliga-barriaren\/a\/mailto:redaktion@omni.se\" class=\"ArticleActions_contactLink__W2F1M\" rel=\"nofollow noopener\" target=\"_blank\">Kontakta redaktionen<\/a><\/p>\n","protected":false},"excerpt":{"rendered":"\u00c5talet mot tidigare FBI-chefen James Comey kommer mindre \u00e4n en vecka efter att Donald Trump p\u00e5 sociala medier&hellip;\n","protected":false},"author":2,"featured_media":40271,"comment_status":"","ping_status":"","sticky":false,"template":"","format":"standard","meta":{"footnotes":""},"categories":[5],"tags":[387,1047,978,22,23,385,26,27,17,21,3805,24,25,28,29,15,268,16,18,34,31,33,32,30,19,20,386,74],"class_list":{"0":"post-40270","1":"post","2":"type-post","3":"status-publish","4":"format-standard","5":"has-post-thumbnail","7":"category-rubriker","8":"tag-amerikansk-politik","9":"tag-analys","10":"tag-anthony-zurcher","11":"tag-breaking-news","12":"tag-breakingnews","13":"tag-donald-trump","14":"tag-featured-news","15":"tag-featurednews","16":"tag-headlines","17":"tag-huvudnyheter","18":"tag-james-comey","19":"tag-latest-news","20":"tag-latestnews","21":"tag-main-news","22":"tag-mainnews","23":"tag-news","24":"tag-nordamerika","25":"tag-nyheter","26":"tag-rubriker","27":"tag-se","28":"tag-svenska","29":"tag-sverige","30":"tag-sweden","31":"tag-swedish","32":"tag-top-stories","33":"tag-topstories","34":"tag-trumps-usa","35":"tag-usa"},"share_on_mastodon":{"url":"","error":""},"_links":{"self":[{"href":"https:\/\/www.europesays.com\/se\/wp-json\/wp\/v2\/posts\/40270","targetHints":{"allow":["GET"]}}],"collection":[{"href":"https:\/\/www.europesays.com\/se\/wp-json\/wp\/v2\/posts"}],"about":[{"href":"https:\/\/www.europesays.com\/se\/wp-json\/wp\/v2\/types\/post"}],"author":[{"embeddable":true,"href":"https:\/\/www.europesays.com\/se\/wp-json\/wp\/v2\/users\/2"}],"replies":[{"embeddable":true,"href":"https:\/\/www.europesays.com\/se\/wp-json\/wp\/v2\/comments?post=40270"}],"version-history":[{"count":0,"href":"https:\/\/www.europesays.com\/se\/wp-json\/wp\/v2\/posts\/40270\/revisions"}],"wp:featuredmedia":[{"embeddable":true,"href":"https:\/\/www.europesays.com\/se\/wp-json\/wp\/v2\/media\/40271"}],"wp:attachment":[{"href":"https:\/\/www.europesays.com\/se\/wp-json\/wp\/v2\/media?parent=40270"}],"wp:term":[{"taxonomy":"category","embeddable":true,"href":"https:\/\/www.europesays.com\/se\/wp-json\/wp\/v2\/categories?post=40270"},{"taxonomy":"post_tag","embeddable":true,"href":"https:\/\/www.europesays.com\/se\/wp-json\/wp\/v2\/tags?post=40270"}],"curies":[{"name":"wp","href":"https:\/\/api.w.org\/{rel}","templated":true}]}}