{"id":40315,"date":"2025-09-26T11:30:11","date_gmt":"2025-09-26T11:30:11","guid":{"rendered":"https:\/\/www.europesays.com\/se\/40315\/"},"modified":"2025-09-26T11:30:11","modified_gmt":"2025-09-26T11:30:11","slug":"tidigare-froken-snusk-atervander-till-mello","status":"publish","type":"post","link":"https:\/\/www.europesays.com\/se\/40315\/","title":{"rendered":"Tidigare Fr\u00f6ken Snusk \u00e5terv\u00e4nder till Mello"},"content":{"rendered":"<p>Felicia, den tidigare Fr\u00f6ken Snusk-artisten, \u00e5terv\u00e4nder till Melodifestivalen 2026, enligt uppgifter till Expressen. <\/p>\n<p>Efter tiden som Fr\u00f6ken Snusk har Felicia satsat h\u00e5rt p\u00e5 att forts\u00e4tta musikkarr\u00e4ren och nyligen sl\u00e4ppte hon debutsingeln \u201dBlack widow\u201d. Nu forts\u00e4tter hon sin resa med ett deltagande i Mello. <\/p>\n<p>Omni \u00e4r politiskt obundna och oberoende. Vi str\u00e4var efter att ge fler perspektiv p\u00e5 nyheterna. Har du fr\u00e5gor eller synpunkter kring v\u00e5r rapportering? <a href=\"https:\/\/omni.se\/tidigare-froken-snusk-atervander-till-mello\/a\/mailto:redaktion@omni.se\" class=\"ArticleActions_contactLink__W2F1M\" rel=\"nofollow noopener\" target=\"_blank\">Kontakta redaktionen<\/a><\/p>\n","protected":false},"excerpt":{"rendered":"Felicia, den tidigare Fr\u00f6ken Snusk-artisten, \u00e5terv\u00e4nder till Melodifestivalen 2026, enligt uppgifter till Expressen. Efter tiden som Fr\u00f6ken Snusk&hellip;\n","protected":false},"author":2,"featured_media":40316,"comment_status":"","ping_status":"","sticky":false,"template":"","format":"standard","meta":{"footnotes":""},"categories":[67],"tags":[104,4191,4050,172,34,31,33,32,30,105],"class_list":{"0":"post-40315","1":"post","2":"type-post","3":"status-publish","4":"format-standard","5":"has-post-thumbnail","7":"category-underhallning","8":"tag-entertainment","9":"tag-froken-snusk","10":"tag-melodifestivalen","11":"tag-musik","12":"tag-se","13":"tag-svenska","14":"tag-sverige","15":"tag-sweden","16":"tag-swedish","17":"tag-underhallning"},"share_on_mastodon":{"url":"","error":""},"_links":{"self":[{"href":"https:\/\/www.europesays.com\/se\/wp-json\/wp\/v2\/posts\/40315","targetHints":{"allow":["GET"]}}],"collection":[{"href":"https:\/\/www.europesays.com\/se\/wp-json\/wp\/v2\/posts"}],"about":[{"href":"https:\/\/www.europesays.com\/se\/wp-json\/wp\/v2\/types\/post"}],"author":[{"embeddable":true,"href":"https:\/\/www.europesays.com\/se\/wp-json\/wp\/v2\/users\/2"}],"replies":[{"embeddable":true,"href":"https:\/\/www.europesays.com\/se\/wp-json\/wp\/v2\/comments?post=40315"}],"version-history":[{"count":0,"href":"https:\/\/www.europesays.com\/se\/wp-json\/wp\/v2\/posts\/40315\/revisions"}],"wp:featuredmedia":[{"embeddable":true,"href":"https:\/\/www.europesays.com\/se\/wp-json\/wp\/v2\/media\/40316"}],"wp:attachment":[{"href":"https:\/\/www.europesays.com\/se\/wp-json\/wp\/v2\/media?parent=40315"}],"wp:term":[{"taxonomy":"category","embeddable":true,"href":"https:\/\/www.europesays.com\/se\/wp-json\/wp\/v2\/categories?post=40315"},{"taxonomy":"post_tag","embeddable":true,"href":"https:\/\/www.europesays.com\/se\/wp-json\/wp\/v2\/tags?post=40315"}],"curies":[{"name":"wp","href":"https:\/\/api.w.org\/{rel}","templated":true}]}}