{"id":40330,"date":"2025-09-26T12:01:11","date_gmt":"2025-09-26T12:01:11","guid":{"rendered":"https:\/\/www.europesays.com\/se\/40330\/"},"modified":"2025-09-26T12:01:11","modified_gmt":"2025-09-26T12:01:11","slug":"uppgifter-orebro-forlanger-med-succebacken","status":"publish","type":"post","link":"https:\/\/www.europesays.com\/se\/40330\/","title":{"rendered":"Uppgifter: \u00d6rebro f\u00f6rl\u00e4nger med succ\u00e9backen"},"content":{"rendered":"<p><strong><a href=\"https:\/\/hockeysverige.se\/spelare\/david-quenneville\/\" rel=\"nofollow noopener\" target=\"_blank\">David Quenneville<\/a> blir kvar i <a href=\"https:\/\/hockeysverige.se\/klubb\/orebro-hockey\/\" rel=\"nofollow noopener\" target=\"_blank\">\u00d6rebro<\/a>. 27-\u00e5ringen har hittils noterats f\u00f6r sex po\u00e4ng p\u00e5 de inledande fem <a href=\"https:\/\/hockeysverige.se\/shl\/\" rel=\"nofollow noopener\" target=\"_blank\">SHL<\/a>-omg\u00e5ngarna och har varit en viktig del i \u00d6rebros offensiv. Backen som har utg\u00e5ende kontrakt uppges vara \u00f6verens med \u00d6rebro om en f\u00f6rl\u00e4ngning p\u00e5 tv\u00e5 s\u00e4songer, enligt <a href=\"https:\/\/www.aftonbladet.se\/sportbladet\/hockey\/a\/gw5B9L\/succebacken-forlanger-med-shl-klubben\" rel=\"nofollow noopener\" target=\"_blank\">Sportbladet<\/a>. <\/strong><\/p>\n<p><img loading=\"lazy\" decoding=\"async\" width=\"1024\" height=\"658\" src=\"https:\/\/www.europesays.com\/se\/wp-content\/uploads\/2025\/09\/David-Quenneville-1024x658.webp.webp\" alt=\"\" class=\"wp-image-307105\"  \/>David Quenneville uppges vara klar f\u00f6r en f\u00f6rl\u00e4ngning.<br \/>\nFoto: Aron Broman\/Bildbyr\u00e5n.<\/p>\n<p>David Quenneville har hittat ett andra hem i Sverige \u2013 27-\u00e5ringen kom till Sverige 2021 f\u00f6r spel i <a href=\"https:\/\/hockeysverige.se\/klubb\/ik-oskarshamn\/\" rel=\"nofollow noopener\" target=\"_blank\">Oskarshamn<\/a>.<\/p>\n<p>Det blev tre s\u00e4songer i Sm\u00e5land innan flyttlasset gick till \u00d6rebro, d\u00e4r han sedermera har blivit en publikfavorit och en viktig pj\u00e4s i truppen. Backen har g\u00e5tt in i s\u00e4songen 25\/26 med utg\u00e5ende kontrakt och det har spekulerats om vare sig han skulle bli kvar i \u00d6rebro.<\/p>\n<p>Enligt Sportbladet ska \u00d6rebro och Quenneville vara \u00f6verens om en f\u00f6rl\u00e4ngning p\u00e5 tv\u00e5 \u00e5r, n\u00e5gonting som sportchefen Henrik L\u00f6wdahl varken bekr\u00e4ftar eller dementerar.<\/p>\n<p>\u2013 Inga kommentarer p\u00e5 den, skriver han till tidningen.<\/p>\n<p>Quenneville har gjort 189 matcher i SHL och har noterats f\u00f6r 111 po\u00e4ng (28+83). Under de inledande fem SHL-omg\u00e5ngarna har han producerat sex po\u00e4ng (3+3), och ligger tv\u00e5a i backarnas totala po\u00e4ngliga.<\/p>\n<p> Source: <a href=\"https:\/\/www.eliteprospects.com\/player\/166662\/david-quenneville\" target=\"_blank\" rel=\"noopener noreferrer nofollow\">David Quenneville<\/a> @ Elite Prospects<\/p>\n","protected":false},"excerpt":{"rendered":"David Quenneville blir kvar i \u00d6rebro. 27-\u00e5ringen har hittils noterats f\u00f6r sex po\u00e4ng p\u00e5 de inledande fem SHL-omg\u00e5ngarna&hellip;\n","protected":false},"author":2,"featured_media":40331,"comment_status":"","ping_status":"","sticky":false,"template":"","format":"standard","meta":{"footnotes":""},"categories":[68],"tags":[34,133,134,111,110,31,33,32,30],"class_list":{"0":"post-40330","1":"post","2":"type-post","3":"status-publish","4":"format-standard","5":"has-post-thumbnail","7":"category-sport","8":"tag-se","9":"tag-second-news","10":"tag-shl","11":"tag-sport","12":"tag-sports","13":"tag-svenska","14":"tag-sverige","15":"tag-sweden","16":"tag-swedish"},"share_on_mastodon":{"url":"","error":""},"_links":{"self":[{"href":"https:\/\/www.europesays.com\/se\/wp-json\/wp\/v2\/posts\/40330","targetHints":{"allow":["GET"]}}],"collection":[{"href":"https:\/\/www.europesays.com\/se\/wp-json\/wp\/v2\/posts"}],"about":[{"href":"https:\/\/www.europesays.com\/se\/wp-json\/wp\/v2\/types\/post"}],"author":[{"embeddable":true,"href":"https:\/\/www.europesays.com\/se\/wp-json\/wp\/v2\/users\/2"}],"replies":[{"embeddable":true,"href":"https:\/\/www.europesays.com\/se\/wp-json\/wp\/v2\/comments?post=40330"}],"version-history":[{"count":0,"href":"https:\/\/www.europesays.com\/se\/wp-json\/wp\/v2\/posts\/40330\/revisions"}],"wp:featuredmedia":[{"embeddable":true,"href":"https:\/\/www.europesays.com\/se\/wp-json\/wp\/v2\/media\/40331"}],"wp:attachment":[{"href":"https:\/\/www.europesays.com\/se\/wp-json\/wp\/v2\/media?parent=40330"}],"wp:term":[{"taxonomy":"category","embeddable":true,"href":"https:\/\/www.europesays.com\/se\/wp-json\/wp\/v2\/categories?post=40330"},{"taxonomy":"post_tag","embeddable":true,"href":"https:\/\/www.europesays.com\/se\/wp-json\/wp\/v2\/tags?post=40330"}],"curies":[{"name":"wp","href":"https:\/\/api.w.org\/{rel}","templated":true}]}}