{"id":40572,"date":"2025-09-26T17:19:07","date_gmt":"2025-09-26T17:19:07","guid":{"rendered":"https:\/\/www.europesays.com\/se\/40572\/"},"modified":"2025-09-26T17:19:07","modified_gmt":"2025-09-26T17:19:07","slug":"tumorceller-utnyttjar-skadad-vavnad-i-bukspottkorteln-2","status":"publish","type":"post","link":"https:\/\/www.europesays.com\/se\/40572\/","title":{"rendered":"Tum\u00f6rceller utnyttjar skadad v\u00e4vnad i bukspottk\u00f6rteln"},"content":{"rendered":"<p>Vid bukspottk\u00f6rtelcancer v\u00e4xer tum\u00f6rceller inte bara i sin typiska milj\u00f6, utan ocks\u00e5 i normal v\u00e4vnad som f\u00f6r\u00e4ndrats. Det visar en ny studie fr\u00e5n Karolinska institutet. Fynden kan ge nya insikter i tum\u00f6rens utveckling och behandling.<\/p>\n<p>Bukspottk\u00f6rtelcancer \u00e4r en mycket aggressiv sjukdom d\u00e4r prognosen inte f\u00f6rb\u00e4ttrats i samma takt som f\u00f6r m\u00e5nga andra cancerformer.<\/p>\n<p>Nu visar forskning vid Karolinska institutet att tum\u00f6rceller inte bara sprider sig i den bindv\u00e4vsrika milj\u00f6 som \u00e4r ett k\u00e4nnetecken f\u00f6r sjukdomen. Cancerceller v\u00e4xer \u00e4ven in i skadade delar av normal bukspottk\u00f6rtelv\u00e4vnad.<\/p>\n<p>Cancern skapar egen milj\u00f6<\/p>\n<p>Studien bygger p\u00e5 prover fr\u00e5n 108 patienter som opererats vid Karolinska universitetssjukhuset. I n\u00e4stan alla prover hittades tum\u00f6rceller i den v\u00e4vnad som normalt producerar enzymer f\u00f6r matsm\u00e4ltning, men som skadas n\u00e4r tum\u00f6rceller v\u00e4xer in.<\/p>\n<p>\u2013 Vi ser att tum\u00f6rcellerna anpassar sig efter den milj\u00f6 de befinner sig i. I skadade omr\u00e5den av normal bukspottk\u00f6rtelv\u00e4vnad uppvisar de andra egenskaper \u00e4n i den bindv\u00e4vsrika delen av tum\u00f6ren, s\u00e4ger Marco Gerling, forskare vid Karolinska institutet.<\/p>\n<p>Kan p\u00e5verka behandlingssvar<\/p>\n<p>Forskarna s\u00e5g ocks\u00e5 att tum\u00f6rceller i de skadade omr\u00e5dena oftare hade en s\u00e5 kallad klassisk tum\u00f6rprofil, medan celler i den bindv\u00e4vsrika delen uppvisade en mer aggressiv profil. I de skadade delarna hittades dessutom st\u00f6djeceller som uttryckte proteinet NGFR, som tidigare kopplats till en l\u00e4kningsprocess vid v\u00e4vnadsskador.<\/p>\n<p>\u2013 Det \u00e4r m\u00f6jligt att den h\u00e4r typen av skadad v\u00e4vnad spelar en roll i hur tum\u00f6ren utvecklas och svarar p\u00e5 behandling, s\u00e4ger Marco Gerling.<\/p>\n<p>Vetenskaplig artikel:<\/p>\n<p><a href=\"https:\/\/doi.org\/10.1038\/s41467-025-63864-7\" rel=\"nofollow noopener\" target=\"_blank\">An injury-associated lobular microniche is associated with the classical tumor cell phenotype in pancreatic cancer<\/a>,  Nature Communications.<\/p>\n","protected":false},"excerpt":{"rendered":"Vid bukspottk\u00f6rtelcancer v\u00e4xer tum\u00f6rceller inte bara i sin typiska milj\u00f6, utan ocks\u00e5 i normal v\u00e4vnad som f\u00f6r\u00e4ndrats. Det&hellip;\n","protected":false},"author":2,"featured_media":40573,"comment_status":"","ping_status":"","sticky":false,"template":"","format":"standard","meta":{"footnotes":""},"categories":[69],"tags":[928,113,112,34,31,33,32,30],"class_list":{"0":"post-40572","1":"post","2":"type-post","3":"status-publish","4":"format-standard","5":"has-post-thumbnail","7":"category-halsa","8":"tag-aterpublicerad","9":"tag-halsa","10":"tag-health","11":"tag-se","12":"tag-svenska","13":"tag-sverige","14":"tag-sweden","15":"tag-swedish"},"share_on_mastodon":{"url":"","error":""},"_links":{"self":[{"href":"https:\/\/www.europesays.com\/se\/wp-json\/wp\/v2\/posts\/40572","targetHints":{"allow":["GET"]}}],"collection":[{"href":"https:\/\/www.europesays.com\/se\/wp-json\/wp\/v2\/posts"}],"about":[{"href":"https:\/\/www.europesays.com\/se\/wp-json\/wp\/v2\/types\/post"}],"author":[{"embeddable":true,"href":"https:\/\/www.europesays.com\/se\/wp-json\/wp\/v2\/users\/2"}],"replies":[{"embeddable":true,"href":"https:\/\/www.europesays.com\/se\/wp-json\/wp\/v2\/comments?post=40572"}],"version-history":[{"count":0,"href":"https:\/\/www.europesays.com\/se\/wp-json\/wp\/v2\/posts\/40572\/revisions"}],"wp:featuredmedia":[{"embeddable":true,"href":"https:\/\/www.europesays.com\/se\/wp-json\/wp\/v2\/media\/40573"}],"wp:attachment":[{"href":"https:\/\/www.europesays.com\/se\/wp-json\/wp\/v2\/media?parent=40572"}],"wp:term":[{"taxonomy":"category","embeddable":true,"href":"https:\/\/www.europesays.com\/se\/wp-json\/wp\/v2\/categories?post=40572"},{"taxonomy":"post_tag","embeddable":true,"href":"https:\/\/www.europesays.com\/se\/wp-json\/wp\/v2\/tags?post=40572"}],"curies":[{"name":"wp","href":"https:\/\/api.w.org\/{rel}","templated":true}]}}