{"id":40589,"date":"2025-09-26T17:44:11","date_gmt":"2025-09-26T17:44:11","guid":{"rendered":"https:\/\/www.europesays.com\/se\/40589\/"},"modified":"2025-09-26T17:44:11","modified_gmt":"2025-09-26T17:44:11","slug":"covid-19-fortsatt-allvarligare-an-influensa-for-aldre-orebronyheter","status":"publish","type":"post","link":"https:\/\/www.europesays.com\/se\/40589\/","title":{"rendered":"Covid-19 fortsatt allvarligare \u00e4n influensa f\u00f6r \u00e4ldre \u2013 \u00d6rebronyheter"},"content":{"rendered":"<p>\t\t\t\t\t\t\t\t<img width=\"300\" height=\"336\" src=\"https:\/\/www.europesays.com\/se\/wp-content\/uploads\/2025\/09\/vaccination-03-300x336.jpg\" class=\"attachment-post-thumb size-post-thumb wp-post-image\" alt=\"\" decoding=\"async\" fetchpriority=\"high\"  \/>\t\t\t\t\t\t\t\t\t\t\t\t\t\t\t\t\tGenrebild<\/p>\n<p><strong>Covid-19 fortsatt allvarligare \u00e4n influensa f\u00f6r \u00e4ldre, vaccination ett viktigt skydd.\u00a0\u00c4ven om pandemin \u00e4r \u00f6ver utg\u00f6r covid-19, fortsatt en h\u00f6gre risk \u00e4n s\u00e4songsinfluensan f\u00f6r \u00e4ldre.<\/strong><\/p>\n<p>Inf\u00f6r h\u00f6stens vaccinationskampanj har Folkh\u00e4lsomyndigheten tagit fram nya riktlinjer, och d\u00e4rf\u00f6r \u00e4r det nu extra viktigt med tydlig information om vaccinationer f\u00f6r att skydda de som riskerar att bli sv\u00e5rt sjuka<\/p>\n<p>Enligt f\u00e4rsk statistik fr\u00e5n Socialstyrelsen dog 705 personer \u00f6ver 65 \u00e5r i Sverige i covid-19, j\u00e4mf\u00f6rt med 101 personer i s\u00e4songsinfluensa, under 2024. Trots detta stod hela 34 procent av svenskar \u00f6ver 65 \u00e5r utan vaccinationsskydd mot covid-19 under s\u00e4songen 2024\u20132025.<\/p>\n<p>Under 2025 har Folkh\u00e4lsomyndigheten uppdaterat sina vaccinationsriktlinjer. Rekommenderad \u00e5lder f\u00f6r vaccination har h\u00f6jts fr\u00e5n 65 till 75 \u00e5r f\u00f6r \u00e4ldre, samtidigt som p\u00e5fyllnadsdosen under v\u00e5ren f\u00f6r 80 \u00e5r och \u00e4ldre tagits bort.<\/p>\n<p>Fr\u00e5n och med den 1 september 2025 rekommenderas nu endast en \u00e5rlig dos vaccin, f\u00f6retr\u00e4desvis under h\u00f6sten, mot covid-19 f\u00f6r alla som \u00e4r 75 \u00e5r och \u00e4ldre, f\u00f6r alla 50 \u00e5r och \u00e4ldre i medicinsk riskgrupp*, personer 65 \u00e5r och \u00e4ldre med dagliga omsorgsinsatser i hemmet eller som bor p\u00e5 s\u00e4rskilt boende samt alla \u00f6ver 18 \u00e5r med nedsatt immunf\u00f6rsvar p\u00e5 grund av sjukdom, behandling eller annat tillst\u00e5nd.<\/p>\n<p>\u2014 Vi ser att det \u00e4r fler \u00e4ldre som under 2024 har avlidit i covid-19 j\u00e4mf\u00f6rt med s\u00e4songsinfluensa, samtidigt som \u00e5ldersgr\u00e4nsen f\u00f6r vaccinering mot covid-19 h\u00f6jts och den tidigare rekommendationen om en extra dos p\u00e5 v\u00e5ren \u00e4r borttagen. Med dessa nya rekommendationer \u00e4r det extra viktigt med tydlig information, annars kan det finnas en risk f\u00f6r att m\u00e5nga av de som \u00e4r i riskgrupp och i \u00e5ldern 50\u201374 \u00e5r inte sj\u00e4lva f\u00f6rst\u00e5r att de rekommenderas vaccin mot covid-19, s\u00e4ger Katherina Zakikhany-Gilg, Senior Medical Affairs Scientist p\u00e5 Pfizer i Sverige.<\/p>\n<p>S\u00e4songens vaccinationsinsats inleds med covid-19-vaccinering, samt samvaccinering mot covid-19 och s\u00e4songsinfluensa den 14 oktober. De som enbart rekommenderas att ta vaccin mot s\u00e4songsinfluensa kan avvakta till efter den 4 november. Enligt Katherina Zakikhany-Gilg \u00e4r det nu extra viktigt med tydlig information fr\u00e5n regionerna f\u00f6r att \u00e4ldre personer ska vaccinera sig.<\/p>\n<p>\u2014 Covid-19 \u00e4r fortfarande allvarligare \u00e4n s\u00e4songsinfluensa f\u00f6r \u00e4ldre och vaccinationst\u00e4ckningen m\u00e5ste fortsatt \u00f6ka f\u00f6r att skydda de som riskerar att bli sv\u00e5rt sjuka. Det \u00e4r nu viktigt att n\u00e5 ut till \u00e4ldre och riskgrupper yngre \u00e4n 75 \u00e5r med tydlig information om att vaccinet finns tillg\u00e4ngligt fr\u00e5n den 14 oktober. Detta \u00e4r s\u00e4rskilt viktigt nu n\u00e4r gruppen enbart erbjuds en \u00e5rlig vaccinationsdos, s\u00e4ger Katherina Zakikhany-Gilg.<\/p>\n<p><strong>Fakta i korthet:<\/strong><\/p>\n<ul>\n<li><strong>Covid-19 vs s\u00e4songsinfluensa 2024:<\/strong><br \/>705 d\u00f6dsfall i Sverige i covid-19 och 101 i s\u00e4songsinfluensa (Socialstyrelsen).<\/li>\n<li><strong>Vaccinationst\u00e4ckning:<\/strong><br \/>66 procent av 65+ tog p\u00e5fyllnadsdos mot covid-19 vs 68 procent f\u00f6r s\u00e4songsinfluensa (s\u00e4song 24\/25).<\/li>\n<\/ul>\n<p><strong>H\u00e4lsa<\/strong><br \/><strong>\u00d6rebronyheter<\/strong><\/p>\n<p>K\u00e4lla: Pfizer<\/p>\n","protected":false},"excerpt":{"rendered":"Genrebild Covid-19 fortsatt allvarligare \u00e4n influensa f\u00f6r \u00e4ldre, vaccination ett viktigt skydd.\u00a0\u00c4ven om pandemin \u00e4r \u00f6ver utg\u00f6r covid-19,&hellip;\n","protected":false},"author":2,"featured_media":40590,"comment_status":"","ping_status":"","sticky":false,"template":"","format":"standard","meta":{"footnotes":""},"categories":[69],"tags":[113,112,34,31,33,32,30],"class_list":{"0":"post-40589","1":"post","2":"type-post","3":"status-publish","4":"format-standard","5":"has-post-thumbnail","7":"category-halsa","8":"tag-halsa","9":"tag-health","10":"tag-se","11":"tag-svenska","12":"tag-sverige","13":"tag-sweden","14":"tag-swedish"},"share_on_mastodon":{"url":"","error":""},"_links":{"self":[{"href":"https:\/\/www.europesays.com\/se\/wp-json\/wp\/v2\/posts\/40589","targetHints":{"allow":["GET"]}}],"collection":[{"href":"https:\/\/www.europesays.com\/se\/wp-json\/wp\/v2\/posts"}],"about":[{"href":"https:\/\/www.europesays.com\/se\/wp-json\/wp\/v2\/types\/post"}],"author":[{"embeddable":true,"href":"https:\/\/www.europesays.com\/se\/wp-json\/wp\/v2\/users\/2"}],"replies":[{"embeddable":true,"href":"https:\/\/www.europesays.com\/se\/wp-json\/wp\/v2\/comments?post=40589"}],"version-history":[{"count":0,"href":"https:\/\/www.europesays.com\/se\/wp-json\/wp\/v2\/posts\/40589\/revisions"}],"wp:featuredmedia":[{"embeddable":true,"href":"https:\/\/www.europesays.com\/se\/wp-json\/wp\/v2\/media\/40590"}],"wp:attachment":[{"href":"https:\/\/www.europesays.com\/se\/wp-json\/wp\/v2\/media?parent=40589"}],"wp:term":[{"taxonomy":"category","embeddable":true,"href":"https:\/\/www.europesays.com\/se\/wp-json\/wp\/v2\/categories?post=40589"},{"taxonomy":"post_tag","embeddable":true,"href":"https:\/\/www.europesays.com\/se\/wp-json\/wp\/v2\/tags?post=40589"}],"curies":[{"name":"wp","href":"https:\/\/api.w.org\/{rel}","templated":true}]}}