{"id":40759,"date":"2025-09-26T23:40:08","date_gmt":"2025-09-26T23:40:08","guid":{"rendered":"https:\/\/www.europesays.com\/se\/40759\/"},"modified":"2025-09-26T23:40:08","modified_gmt":"2025-09-26T23:40:08","slug":"bayern-munchen-tog-femte-raka-harry-kane-tvamalsskytt","status":"publish","type":"post","link":"https:\/\/www.europesays.com\/se\/40759\/","title":{"rendered":"Bayern M\u00fcnchen tog femte raka \u2013 Harry Kane tv\u00e5m\u00e5lsskytt"},"content":{"rendered":"<p><strong><a href=\"https:\/\/fotbolldirekt.se\/klubb\/bayern-munchen\/\" rel=\"nofollow noopener\" target=\"_blank\">Bayern M\u00fcnchen<\/a> g\u00e5r som t\u00e5get.<br \/>Ikv\u00e4ll inkasserades femte raka segern i Bundesliga.<br \/>Detta efter bland annat tv\u00e5 m\u00e5l fr\u00e5n Harry Kane.  <\/strong><\/p>\n<p><img loading=\"lazy\" decoding=\"async\" width=\"1024\" height=\"576\" src=\"https:\/\/www.europesays.com\/se\/wp-content\/uploads\/2025\/09\/Kane-Kane-1-1024x576.jpg\" alt=\"\" class=\"wp-image-322086\"  \/>Foto: Bildbyr\u00e5n<\/p>\n<p>Bayern M\u00fcnchen har f\u00e5tt en fantastiskt start p\u00e5 s\u00e4songen och den otroliga starten inledningen p\u00e5 s\u00e4songen fortsatte ikv\u00e4ll hemma mot Werder Bremen. <\/p>\n<p>Hemmalaget tog ledningen i den 22:a minuten genom Jonathan Tah och precis f\u00f6re paus kunde Harry Kane ut\u00f6ka ledningen till 2\u20130 fr\u00e5n straffpunkten. <\/p>\n<p>I den 65:e minuten gjorde Kane sitt andra f\u00f6r kv\u00e4llen. <br \/>Med kv\u00e4llens tv\u00e5 fulltr\u00e4ffar s\u00e5 bef\u00e4ster Kane sin skytteliga ledning och <strong>redan efter fem omg\u00e5ngar s\u00e5 st\u00e5r engelsmannen redan p\u00e5 tio m\u00e5l.<\/strong><br \/>Totalt sett s\u00e5 har han nu ocks\u00e5 gjort 100 m\u00e5l i den tyska storklubben, p\u00e5 endast 104 matcher.<\/p>\n<p>I den 87:e minuten fastst\u00e4llde sedan Konrad Laimer slutresultatet till 4\u20130.<br \/>Bayern st\u00e5r ocks\u00e5 p\u00e5 maximala 15 po\u00e4ng efter fem omg\u00e5ngar. <\/p>\n","protected":false},"excerpt":{"rendered":"Bayern M\u00fcnchen g\u00e5r som t\u00e5get.Ikv\u00e4ll inkasserades femte raka segern i Bundesliga.Detta efter bland annat tv\u00e5 m\u00e5l fr\u00e5n Harry&hellip;\n","protected":false},"author":2,"featured_media":40760,"comment_status":"","ping_status":"","sticky":false,"template":"","format":"standard","meta":{"footnotes":""},"categories":[68],"tags":[468,34,111,110,31,33,32,30],"class_list":{"0":"post-40759","1":"post","2":"type-post","3":"status-publish","4":"format-standard","5":"has-post-thumbnail","7":"category-sport","8":"tag-mini-top-block-2","9":"tag-se","10":"tag-sport","11":"tag-sports","12":"tag-svenska","13":"tag-sverige","14":"tag-sweden","15":"tag-swedish"},"share_on_mastodon":{"url":"","error":""},"_links":{"self":[{"href":"https:\/\/www.europesays.com\/se\/wp-json\/wp\/v2\/posts\/40759","targetHints":{"allow":["GET"]}}],"collection":[{"href":"https:\/\/www.europesays.com\/se\/wp-json\/wp\/v2\/posts"}],"about":[{"href":"https:\/\/www.europesays.com\/se\/wp-json\/wp\/v2\/types\/post"}],"author":[{"embeddable":true,"href":"https:\/\/www.europesays.com\/se\/wp-json\/wp\/v2\/users\/2"}],"replies":[{"embeddable":true,"href":"https:\/\/www.europesays.com\/se\/wp-json\/wp\/v2\/comments?post=40759"}],"version-history":[{"count":0,"href":"https:\/\/www.europesays.com\/se\/wp-json\/wp\/v2\/posts\/40759\/revisions"}],"wp:featuredmedia":[{"embeddable":true,"href":"https:\/\/www.europesays.com\/se\/wp-json\/wp\/v2\/media\/40760"}],"wp:attachment":[{"href":"https:\/\/www.europesays.com\/se\/wp-json\/wp\/v2\/media?parent=40759"}],"wp:term":[{"taxonomy":"category","embeddable":true,"href":"https:\/\/www.europesays.com\/se\/wp-json\/wp\/v2\/categories?post=40759"},{"taxonomy":"post_tag","embeddable":true,"href":"https:\/\/www.europesays.com\/se\/wp-json\/wp\/v2\/tags?post=40759"}],"curies":[{"name":"wp","href":"https:\/\/api.w.org\/{rel}","templated":true}]}}