{"id":40954,"date":"2025-09-27T08:18:11","date_gmt":"2025-09-27T08:18:11","guid":{"rendered":"https:\/\/www.europesays.com\/se\/40954\/"},"modified":"2025-09-27T08:18:11","modified_gmt":"2025-09-27T08:18:11","slug":"bankerna-om-svantessons-rantekanga-politisk-signal","status":"publish","type":"post","link":"https:\/\/www.europesays.com\/se\/40954\/","title":{"rendered":"Bankerna om Svantessons r\u00e4ntek\u00e4nga: \u201dPolitisk signal\u201d"},"content":{"rendered":"<p>Finansminister, konsumenter och sparekonomer har rasat \u00f6ver att storbankerna inte s\u00e4nkt de r\u00f6rliga r\u00e4ntorna lika mycket som Riksbanken s\u00e4nkt styrr\u00e4ntan. Men flera banktoppar anser att liknelsen haltar, skriver EFN. <\/p>\n<p>Handelsbankens treasurychef Marcus Larsson pekar p\u00e5 att Stiborr\u00e4ntan, som bland annat p\u00e5verkar bol\u00e5n, har backat 0,12 procentenheter sedan Riksbankens s\u00e4nkning. D\u00e4rmed har m\u00e5nga, inklusive alla fyra storbanker, s\u00e4nkt sin r\u00f6rliga r\u00e4nta mer \u00e4n vad Stibor fallit.<\/p>\n<p>Peter Werleus, r\u00e4ntef\u00f6rvaltare p\u00e5 Norrons, anser att Elisabeth Svantessons (M) utspel \u00e4r en politisk signal. Han s\u00e4ger att finansministern vill f\u00e5 ut s\u00e5 mycket som m\u00f6jligt av r\u00e4ntes\u00e4nkningen till konsumenterna. <\/p>\n<p>\u2013 Hon vill ha in f\u00f6rtroende i ekonomin. <\/p>\n<p>R\u00e4ntel\u00e4get 26 september (veckans justering)<\/p>\n<p>Nordea (-0,20%): 3,84%<br \/>Swedbank (-0,20%): 3,79% <br \/>SEB (-0,20%): 3,84%<br \/>Handelsbanken (-0,20%): 3,84%<br \/>Danske Bank (-0,15%): 3,74%<br \/>SBAB (-0,15%): 3,05%<\/p>\n<p>Fotnot: Avser listr\u00e4ntan f\u00f6r l\u00e5n med l\u00f6ptid p\u00e5 tre m\u00e5nader. <\/p>\n<p>Riksbankens styrr\u00e4nta: 1,75%<\/p>\n<p>Omni \u00e4r politiskt obundna och oberoende. Vi str\u00e4var efter att ge fler perspektiv p\u00e5 nyheterna. Har du fr\u00e5gor eller synpunkter kring v\u00e5r rapportering? <a href=\"https:\/\/omni.se\/bankerna-om-svantessons-rantekanga-politisk-signal\/a\/mailto:redaktion@omni.se\" class=\"ArticleActions_contactLink__W2F1M\" rel=\"nofollow noopener\" target=\"_blank\">Kontakta redaktionen<\/a><\/p>\n","protected":false},"excerpt":{"rendered":"Finansminister, konsumenter och sparekonomer har rasat \u00f6ver att storbankerna inte s\u00e4nkt de r\u00f6rliga r\u00e4ntorna lika mycket som Riksbanken&hellip;\n","protected":false},"author":2,"featured_media":40955,"comment_status":"","ping_status":"","sticky":false,"template":"","format":"standard","meta":{"footnotes":""},"categories":[65],"tags":[338,2751,72,70,71,807,805,339,349,34,31,33,32,30],"class_list":{"0":"post-40954","1":"post","2":"type-post","3":"status-publish","4":"format-standard","5":"has-post-thumbnail","7":"category-ekonomi","8":"tag-bank","9":"tag-bolan","10":"tag-business","11":"tag-economy","12":"tag-ekonomi","13":"tag-ekonomisk-politik","14":"tag-elisabeth-svantesson","15":"tag-finans-forsakring","16":"tag-privatekonomi","17":"tag-se","18":"tag-svenska","19":"tag-sverige","20":"tag-sweden","21":"tag-swedish"},"share_on_mastodon":{"url":"","error":""},"_links":{"self":[{"href":"https:\/\/www.europesays.com\/se\/wp-json\/wp\/v2\/posts\/40954","targetHints":{"allow":["GET"]}}],"collection":[{"href":"https:\/\/www.europesays.com\/se\/wp-json\/wp\/v2\/posts"}],"about":[{"href":"https:\/\/www.europesays.com\/se\/wp-json\/wp\/v2\/types\/post"}],"author":[{"embeddable":true,"href":"https:\/\/www.europesays.com\/se\/wp-json\/wp\/v2\/users\/2"}],"replies":[{"embeddable":true,"href":"https:\/\/www.europesays.com\/se\/wp-json\/wp\/v2\/comments?post=40954"}],"version-history":[{"count":0,"href":"https:\/\/www.europesays.com\/se\/wp-json\/wp\/v2\/posts\/40954\/revisions"}],"wp:featuredmedia":[{"embeddable":true,"href":"https:\/\/www.europesays.com\/se\/wp-json\/wp\/v2\/media\/40955"}],"wp:attachment":[{"href":"https:\/\/www.europesays.com\/se\/wp-json\/wp\/v2\/media?parent=40954"}],"wp:term":[{"taxonomy":"category","embeddable":true,"href":"https:\/\/www.europesays.com\/se\/wp-json\/wp\/v2\/categories?post=40954"},{"taxonomy":"post_tag","embeddable":true,"href":"https:\/\/www.europesays.com\/se\/wp-json\/wp\/v2\/tags?post=40954"}],"curies":[{"name":"wp","href":"https:\/\/api.w.org\/{rel}","templated":true}]}}