{"id":41022,"date":"2025-09-27T10:48:20","date_gmt":"2025-09-27T10:48:20","guid":{"rendered":"https:\/\/www.europesays.com\/se\/41022\/"},"modified":"2025-09-27T10:48:20","modified_gmt":"2025-09-27T10:48:20","slug":"misstankt-mordforsok-i-norrkoping-ingen-gripen","status":"publish","type":"post","link":"https:\/\/www.europesays.com\/se\/41022\/","title":{"rendered":"Misst\u00e4nkt mordf\u00f6rs\u00f6k i Norrk\u00f6ping \u2013 ingen gripen"},"content":{"rendered":"<p>Polisen i Norrk\u00f6ping utreder ett misst\u00e4nkt mordf\u00f6rs\u00f6k sedan en man i 30-\u00e5rs\u00e5ldern hittats skadad i stadsdelen Hageby, skriver TT. <\/p>\n<p>\u2013 Vi misst\u00e4nker inte skottskada, mannen bed\u00f6ms ha f\u00e5tt skador p\u00e5 annat s\u00e4tt som jag inte vill g\u00e5 in p\u00e5 just nu, s\u00e4ger Oscar Palmgren, bef\u00e4l vid polisen.<\/p>\n<p>Mannen f\u00f6rdes till sjukhus men kunde skrivas ut under natten. Ingen misst\u00e4nkt var p\u00e5 morgonen gripen. <\/p>\n<p>Omni \u00e4r politiskt obundna och oberoende. Vi str\u00e4var efter att ge fler perspektiv p\u00e5 nyheterna. Har du fr\u00e5gor eller synpunkter kring v\u00e5r rapportering? <a href=\"https:\/\/omni.se\/misstankt-mordforsok-i-norrkoping-ingen-gripen\/a\/mailto:redaktion@omni.se\" class=\"ArticleActions_contactLink__W2F1M\" rel=\"nofollow noopener\" target=\"_blank\">Kontakta redaktionen<\/a><\/p>\n","protected":false},"excerpt":{"rendered":"Polisen i Norrk\u00f6ping utreder ett misst\u00e4nkt mordf\u00f6rs\u00f6k sedan en man i 30-\u00e5rs\u00e5ldern hittats skadad i stadsdelen Hageby, skriver&hellip;\n","protected":false},"author":2,"featured_media":41023,"comment_status":"","ping_status":"","sticky":false,"template":"","format":"standard","meta":{"footnotes":""},"categories":[5],"tags":[22,23,128,26,27,17,21,24,25,28,29,15,2282,16,3659,18,34,31,33,32,30,19,20],"class_list":{"0":"post-41022","1":"post","2":"type-post","3":"status-publish","4":"format-standard","5":"has-post-thumbnail","7":"category-rubriker","8":"tag-breaking-news","9":"tag-breakingnews","10":"tag-brott","11":"tag-featured-news","12":"tag-featurednews","13":"tag-headlines","14":"tag-huvudnyheter","15":"tag-latest-news","16":"tag-latestnews","17":"tag-main-news","18":"tag-mainnews","19":"tag-news","20":"tag-norrkoping","21":"tag-nyheter","22":"tag-ostergotlands-lan","23":"tag-rubriker","24":"tag-se","25":"tag-svenska","26":"tag-sverige","27":"tag-sweden","28":"tag-swedish","29":"tag-top-stories","30":"tag-topstories"},"share_on_mastodon":{"url":"","error":""},"_links":{"self":[{"href":"https:\/\/www.europesays.com\/se\/wp-json\/wp\/v2\/posts\/41022","targetHints":{"allow":["GET"]}}],"collection":[{"href":"https:\/\/www.europesays.com\/se\/wp-json\/wp\/v2\/posts"}],"about":[{"href":"https:\/\/www.europesays.com\/se\/wp-json\/wp\/v2\/types\/post"}],"author":[{"embeddable":true,"href":"https:\/\/www.europesays.com\/se\/wp-json\/wp\/v2\/users\/2"}],"replies":[{"embeddable":true,"href":"https:\/\/www.europesays.com\/se\/wp-json\/wp\/v2\/comments?post=41022"}],"version-history":[{"count":0,"href":"https:\/\/www.europesays.com\/se\/wp-json\/wp\/v2\/posts\/41022\/revisions"}],"wp:featuredmedia":[{"embeddable":true,"href":"https:\/\/www.europesays.com\/se\/wp-json\/wp\/v2\/media\/41023"}],"wp:attachment":[{"href":"https:\/\/www.europesays.com\/se\/wp-json\/wp\/v2\/media?parent=41022"}],"wp:term":[{"taxonomy":"category","embeddable":true,"href":"https:\/\/www.europesays.com\/se\/wp-json\/wp\/v2\/categories?post=41022"},{"taxonomy":"post_tag","embeddable":true,"href":"https:\/\/www.europesays.com\/se\/wp-json\/wp\/v2\/tags?post=41022"}],"curies":[{"name":"wp","href":"https:\/\/api.w.org\/{rel}","templated":true}]}}