{"id":41028,"date":"2025-09-27T11:07:09","date_gmt":"2025-09-27T11:07:09","guid":{"rendered":"https:\/\/www.europesays.com\/se\/41028\/"},"modified":"2025-09-27T11:07:09","modified_gmt":"2025-09-27T11:07:09","slug":"ingen-hatar-langre-nan-annan-pa-bokmassan","status":"publish","type":"post","link":"https:\/\/www.europesays.com\/se\/41028\/","title":{"rendered":"Ingen hatar l\u00e4ngre n\u00e5n annan p\u00e5 Bokm\u00e4ssan"},"content":{"rendered":"<p>Kristin Lundell m\u00e4rker hur alla pl\u00f6tsligt \u00e4r redo att f\u00f6rl\u00e5ta varandra p\u00e5 Bokm\u00e4ssan.<\/p>\n<p><img   alt=\"\"\/><\/p>\n<p>\u00c5rets tema p\u00e5 bokm\u00e4ssan \u00e4r k\u00e4rlek och lust.<\/p>\n<p>Foto: Fredrik Sandberg\/TT \/ TT NYHETSBYR\u00c5N<\/p>\n<p>\u00d6ppna bild i helsk\u00e4rm<img   alt=\"\"\/>Kristin Lundell<\/p>\n<p><strong>NOTERAT.<\/strong> Finns det n\u00e5got vackrare \u00e4n k\u00e4rlek? I \u00e5r har <a href=\"https:\/\/www.expressen.se\/tagg\/organization\/bokmassan\/\" class=\"\" rel=\"nofollow noopener\" target=\"_blank\">Bokm\u00e4ssan<\/a> st\u00e4llt upp hj\u00e4rtat p\u00e5 vid gavel och bjudit in till passion och lidelse p\u00e5 bred front (kontroverserna kring V\u00e4nskapsf\u00f6rbundet Sverige-Israels montersamtal f\u00e5r v\u00e4l vara undantaget som bekr\u00e4ftar regeln h\u00e4r).\u00a0<\/p>\n<p>F\u00f6r bredvid en rosa j\u00e4ttesnippa \u2013 ditforslad av RFSU \u2013 har ett flertal \u00e4lskande par sagt ja till varandras giftor\u00e4ttsgods med <strong>Bj\u00f6rn Ranelid<\/strong> som vigself\u00f6rr\u00e4ttare. Att gifta sig i en m\u00e4sshall full av b\u00f6cker och krimskrams kan v\u00e4l knappast ens vara en bibliotekarieflickdr\u00f6m men k\u00e4rlekens vind har onekligen dragit fram genom hangaren. Pl\u00f6tsligt ligger f\u00f6rsoning i luften. Stridsyxor har blivit redo att begravas.<\/p>\n<p>Under g\u00e5rdagskv\u00e4llen syntes \u00e4rkebiskopen <strong>Martin Mod\u00e9us<\/strong> ta en afterwork i m\u00e4ssbaren tillsammans med ett g\u00e4ng kolleger. V\u00e4l unt, f\u00f6r det g\u00e5r att addera till Guds mysterium att s\u00e5 m\u00e5nga gamla groll verkar ha begravts samma kv\u00e4ll. Historikern <strong>Dick Harrison<\/strong> och Expressens bitr\u00e4dande chefredakt\u00f6r <strong>Karin Olsson <\/strong>avslutade en tjugo \u00e5r (respekt f\u00f6r l\u00e4ngden!) l\u00e5ng konflikt med en varm kram och \u00e4ven <strong>Jan Guillou<\/strong> verkar vaknat p\u00e5 f\u00f6rl\u00e5telsens sida n\u00e4r han och Expressens kulturchef <strong>Victor Malm <\/strong>syntes i ett ov\u00e4ntat trevligt samtal.<\/p>\n<p>Det ryktas \u00e4ven om att litteratursveriges mest intensiva \u00e4ktenskapskrig gick in i fredsf\u00f6rhandlingar under fredagen. To be continued som det brukar heta men nog smittar f\u00f6rsoning. Bokm\u00e4ssan \u00e4r en plats f\u00f6r m\u00f6ten och samtal, och livet \u00e4r f\u00f6r kort f\u00f6r att br\u00e5ka!<\/p>\n<p>Dagen efter fylls jag av stora k\u00e4nslor och best\u00e4mmer mig f\u00f6r att g\u00e5 och lyssna p\u00e5 en f\u00f6rfattare som p\u00e5 senare \u00e5r f\u00f6rargat mig. Jag trodde att vi hade en god relation men med j\u00e4mna mellanrum f\u00e5r jag oombedda rapporter fr\u00e5n folk som lyssnat p\u00e5 hans popul\u00e4ra podd d\u00e4r jag omn\u00e4mnts. Jag \u00e4r inte helt s\u00e4ker p\u00e5 vad som sagts men ju mer jag t\u00e4nker p\u00e5 det desto argare blir jag. P\u00e5 v\u00e4g genom m\u00e4ssan beslutar jag mig f\u00f6r att f\u00f6rl\u00e5telse \u00e4r vackert men att det \u00e4r en uppgift f\u00f6r Gud. Det var inte jag som s\u00e5lde f\u00f6rfattarens bok innan recensionsdag men jag t\u00e4nker sitta l\u00e4ngst fram i publiken och psyka den j\u00e4veln. Biskop Mod\u00e9us \u00e4r verkligen inte klar med sitt f\u00f6rsoningsjobb p\u00e5 m\u00e4ssan.<\/p>\n<p>Kristin Lundell \u00e4r redakt\u00f6r och skribent p\u00e5 Expressens kultursida.<\/p>\n","protected":false},"excerpt":{"rendered":"Kristin Lundell m\u00e4rker hur alla pl\u00f6tsligt \u00e4r redo att f\u00f6rl\u00e5ta varandra p\u00e5 Bokm\u00e4ssan. \u00c5rets tema p\u00e5 bokm\u00e4ssan \u00e4r&hellip;\n","protected":false},"author":2,"featured_media":41029,"comment_status":"","ping_status":"","sticky":false,"template":"","format":"standard","meta":{"footnotes":""},"categories":[67],"tags":[104,4247,4061,4246,4244,4245,4010,34,4243,31,33,32,30,105],"class_list":{"0":"post-41028","1":"post","2":"type-post","3":"status-publish","4":"format-standard","5":"has-post-thumbnail","7":"category-underhallning","8":"tag-entertainment","9":"tag-newsstory-bokmassan2025","10":"tag-organization-bokmassan","11":"tag-organization-rfsu","12":"tag-person-bjorn-ranelid","13":"tag-person-dick-harrison","14":"tag-person-jan-guillou","15":"tag-se","16":"tag-sections-kristinlundell","17":"tag-svenska","18":"tag-sverige","19":"tag-sweden","20":"tag-swedish","21":"tag-underhallning"},"share_on_mastodon":{"url":"","error":""},"_links":{"self":[{"href":"https:\/\/www.europesays.com\/se\/wp-json\/wp\/v2\/posts\/41028","targetHints":{"allow":["GET"]}}],"collection":[{"href":"https:\/\/www.europesays.com\/se\/wp-json\/wp\/v2\/posts"}],"about":[{"href":"https:\/\/www.europesays.com\/se\/wp-json\/wp\/v2\/types\/post"}],"author":[{"embeddable":true,"href":"https:\/\/www.europesays.com\/se\/wp-json\/wp\/v2\/users\/2"}],"replies":[{"embeddable":true,"href":"https:\/\/www.europesays.com\/se\/wp-json\/wp\/v2\/comments?post=41028"}],"version-history":[{"count":0,"href":"https:\/\/www.europesays.com\/se\/wp-json\/wp\/v2\/posts\/41028\/revisions"}],"wp:featuredmedia":[{"embeddable":true,"href":"https:\/\/www.europesays.com\/se\/wp-json\/wp\/v2\/media\/41029"}],"wp:attachment":[{"href":"https:\/\/www.europesays.com\/se\/wp-json\/wp\/v2\/media?parent=41028"}],"wp:term":[{"taxonomy":"category","embeddable":true,"href":"https:\/\/www.europesays.com\/se\/wp-json\/wp\/v2\/categories?post=41028"},{"taxonomy":"post_tag","embeddable":true,"href":"https:\/\/www.europesays.com\/se\/wp-json\/wp\/v2\/tags?post=41028"}],"curies":[{"name":"wp","href":"https:\/\/api.w.org\/{rel}","templated":true}]}}