{"id":41041,"date":"2025-09-27T11:22:19","date_gmt":"2025-09-27T11:22:19","guid":{"rendered":"https:\/\/www.europesays.com\/se\/41041\/"},"modified":"2025-09-27T11:22:19","modified_gmt":"2025-09-27T11:22:19","slug":"hockeyallsvenskan-konstantin-komarek-om-hur-vik-ska-lyckas-stor-nyckel","status":"publish","type":"post","link":"https:\/\/www.europesays.com\/se\/41041\/","title":{"rendered":"Hockeyallsvenskan \u2022 Konstantin Komarek om hur VIK ska lyckas: \u201dStor nyckel\u201d"},"content":{"rendered":"<p>Publicerad 26 sep 2025 kl 17.17Uppdaterad kl 20.03<\/p>\n<p>PremiumTrycket har stundtals varit h\u00e5rt p\u00e5 Konstantin Komarek.<\/p>\n<p>Den negativa spiralen blev till n\u00e5got han inte upplevt tidigare, \u00e4ven om det ser ut att kunna v\u00e4nda.<\/p>\n<p>\u2013 Det har varit tuffare de senaste tv\u00e5 s\u00e4songerna \u00e4n vad det varit andra \u00e5r i min karri\u00e4r, s\u00e4ger han.<\/p>\n<p><img   alt=\"\"\/><\/p>\n<p>Konstantin Komarek, nu if\u00f6rd en ordentlig mustasch.<\/p>\n<p>Foto: KENTA J\u00d6NSSON \/ BILDBYR\u00c5N<\/p>\n<p>\u00d6ppna bild i helsk\u00e4rm<\/p>\n","protected":false},"excerpt":{"rendered":"Publicerad 26 sep 2025 kl 17.17Uppdaterad kl 20.03 PremiumTrycket har stundtals varit h\u00e5rt p\u00e5 Konstantin Komarek. Den negativa&hellip;\n","protected":false},"author":2,"featured_media":41042,"comment_status":"","ping_status":"","sticky":false,"template":"","format":"standard","meta":{"footnotes":""},"categories":[68],"tags":[637,103,34,130,255,111,110,31,33,32,30],"class_list":{"0":"post-41041","1":"post","2":"type-post","3":"status-publish","4":"format-standard","5":"has-post-thumbnail","7":"category-sport","8":"tag-organization-vasteras-ik","9":"tag-premium","10":"tag-se","11":"tag-sections-allsvenskan","12":"tag-sections-ishockey","13":"tag-sport","14":"tag-sports","15":"tag-svenska","16":"tag-sverige","17":"tag-sweden","18":"tag-swedish"},"share_on_mastodon":{"url":"","error":""},"_links":{"self":[{"href":"https:\/\/www.europesays.com\/se\/wp-json\/wp\/v2\/posts\/41041","targetHints":{"allow":["GET"]}}],"collection":[{"href":"https:\/\/www.europesays.com\/se\/wp-json\/wp\/v2\/posts"}],"about":[{"href":"https:\/\/www.europesays.com\/se\/wp-json\/wp\/v2\/types\/post"}],"author":[{"embeddable":true,"href":"https:\/\/www.europesays.com\/se\/wp-json\/wp\/v2\/users\/2"}],"replies":[{"embeddable":true,"href":"https:\/\/www.europesays.com\/se\/wp-json\/wp\/v2\/comments?post=41041"}],"version-history":[{"count":0,"href":"https:\/\/www.europesays.com\/se\/wp-json\/wp\/v2\/posts\/41041\/revisions"}],"wp:featuredmedia":[{"embeddable":true,"href":"https:\/\/www.europesays.com\/se\/wp-json\/wp\/v2\/media\/41042"}],"wp:attachment":[{"href":"https:\/\/www.europesays.com\/se\/wp-json\/wp\/v2\/media?parent=41041"}],"wp:term":[{"taxonomy":"category","embeddable":true,"href":"https:\/\/www.europesays.com\/se\/wp-json\/wp\/v2\/categories?post=41041"},{"taxonomy":"post_tag","embeddable":true,"href":"https:\/\/www.europesays.com\/se\/wp-json\/wp\/v2\/tags?post=41041"}],"curies":[{"name":"wp","href":"https:\/\/api.w.org\/{rel}","templated":true}]}}