{"id":41047,"date":"2025-09-27T11:31:07","date_gmt":"2025-09-27T11:31:07","guid":{"rendered":"https:\/\/www.europesays.com\/se\/41047\/"},"modified":"2025-09-27T11:31:07","modified_gmt":"2025-09-27T11:31:07","slug":"bjorn-ulvaeus-jobbar-pa-ny-musikal-med-brittisk-forfattare","status":"publish","type":"post","link":"https:\/\/www.europesays.com\/se\/41047\/","title":{"rendered":"Bj\u00f6rn Ulvaeus jobbar p\u00e5 ny musikal \u2013\u00a0med brittisk f\u00f6rfattare"},"content":{"rendered":"<p>Bj\u00f6rn Ulvaeus jobbar p\u00e5 en ny musikal.\u00a0<\/p>\n<p>Det avsl\u00f6jade han i ett samtal med Fredrik Wikingsson under Bokm\u00e4ssan.\u00a0<\/p>\n<p>\u2013 Vi har kommit en bra bit p\u00e5 v\u00e4g, s\u00e4ger han till Expressen.<\/p>\n<p><img   alt=\"\"\/><\/p>\n<p>Bj\u00f6rn Ulvaeus jobbar p\u00e5 ny musikal.<\/p>\n<p>Foto: HENRIC WAUGE \/ SPA<\/p>\n<p>\u00d6ppna bild i helsk\u00e4rm<img loading=\"lazy\"   alt=\"\"\/><\/p>\n<p>Under Bokm\u00e4ssan avsl\u00f6jade han att han jobbar med en brittisk f\u00f6rfattare.<\/p>\n<p>Foto: ANTHONY HARVEY \/ SHUTTERSTOCK EDITORIAL REX\/IBL<\/p>\n<p>\u00d6ppna bild i helsk\u00e4rm<img loading=\"lazy\"   alt=\"\"\/><\/p>\n<p>Bj\u00f6rn Ulvaeus jobbar p\u00e5 en ny musikal, avsl\u00f6jar han i ett samtal med Fredrik Wikingsson p\u00e5 Bokm\u00e4ssan.<\/p>\n<p>Foto: Niklas Sessler<\/p>\n<p>\u00d6ppna bild i helsk\u00e4rm<\/p>\n<p>Under Bokm\u00e4ssans tredje dag g\u00e4stade <a href=\"https:\/\/www.expressen.se\/tagg\/person\/bjorn-ulvaeus\/\" class=\"\" rel=\"nofollow noopener\" target=\"_blank\">Bj\u00f6rn Ulvaeus<\/a> Fredrik Wikingsson f\u00f6r ett samtal p\u00e5 scen. D\u00e5 svarade ABBA-legendaren p\u00e5 fr\u00e5gor fr\u00e5n publiken.\u00a0<\/p>\n<p>\u2013 Jag har v\u00e4xt upp med era musikaler och \u00e4lskade dem. Finns det n\u00e5gon m\u00f6jlighet att det kan bli n\u00e5gon mer?, fr\u00e5gade en kvinna.<\/p>\n<p>D\u00e5 avsl\u00f6jade Bj\u00f6rn Ulvaeus att han faktiskt jobbar p\u00e5 n\u00e5got nytt.\u00a0<\/p>\n<p>\u2013 Vi h\u00e5ller p\u00e5 att skriva p\u00e5 en ny musikal och vi g\u00f6r det tillsammans med en brittisk f\u00f6rfattare. Vi \u00e4r i full g\u00e5ng. Jag kan s\u00e4ga s\u00e5 mycket som att den bygger p\u00e5 nordisk mytologi, svarade Ulvaeus.\u00a0<\/p>\n<p>N\u00e4r Expressen tr\u00e4ffar Ulvaeus efter\u00e5t ber\u00e4ttar han att det \u00e4r en brittisk f\u00f6rfattarinna, men han vill inte specificera vem. Den h\u00e4r g\u00e5ngen skriver han utan Benny Andersson.\u00a0<\/p>\n<p>\u2013 Vi har kommit en bra bit p\u00e5 v\u00e4g, s\u00e4ger han vidare.\u00a0<\/p>\n<p>Tidigare succ\u00e9erna<\/p>\n<p>Bj\u00f6rn Ulvaeus \u00e4r en erfaren musikalskrivare och har bland annat haft stora succ\u00e9er med b\u00e5de \u201dChess\u201d (1986), \u201dKristina fr\u00e5n Duvem\u00e5la\u201d (1995) och \u201dMamma Mia!\u201d (1999). Samtliga har han gjort tillsammans med Benny Andersson.\u00a0<\/p>\n<p>B\u00e5de \u201dMamma Mia!\u201d och \u201dChess\u201d spelas fortfarande p\u00e5 olika scener runtom i v\u00e4rlden.\u00a0<\/p>\n","protected":false},"excerpt":{"rendered":"Bj\u00f6rn Ulvaeus jobbar p\u00e5 en ny musikal.\u00a0 Det avsl\u00f6jade han i ett samtal med Fredrik Wikingsson under Bokm\u00e4ssan.\u00a0&hellip;\n","protected":false},"author":2,"featured_media":41048,"comment_status":"","ping_status":"","sticky":false,"template":"","format":"standard","meta":{"footnotes":""},"categories":[67],"tags":[104,4247,4061,4248,4145,34,31,33,32,30,310,105],"class_list":{"0":"post-41047","1":"post","2":"type-post","3":"status-publish","4":"format-standard","5":"has-post-thumbnail","7":"category-underhallning","8":"tag-entertainment","9":"tag-newsstory-bokmassan2025","10":"tag-organization-bokmassan","11":"tag-person-benny-andersson","12":"tag-person-bjorn-ulvaeus","13":"tag-se","14":"tag-svenska","15":"tag-sverige","16":"tag-sweden","17":"tag-swedish","18":"tag-topic-kandisar","19":"tag-underhallning"},"share_on_mastodon":{"url":"","error":""},"_links":{"self":[{"href":"https:\/\/www.europesays.com\/se\/wp-json\/wp\/v2\/posts\/41047","targetHints":{"allow":["GET"]}}],"collection":[{"href":"https:\/\/www.europesays.com\/se\/wp-json\/wp\/v2\/posts"}],"about":[{"href":"https:\/\/www.europesays.com\/se\/wp-json\/wp\/v2\/types\/post"}],"author":[{"embeddable":true,"href":"https:\/\/www.europesays.com\/se\/wp-json\/wp\/v2\/users\/2"}],"replies":[{"embeddable":true,"href":"https:\/\/www.europesays.com\/se\/wp-json\/wp\/v2\/comments?post=41047"}],"version-history":[{"count":0,"href":"https:\/\/www.europesays.com\/se\/wp-json\/wp\/v2\/posts\/41047\/revisions"}],"wp:featuredmedia":[{"embeddable":true,"href":"https:\/\/www.europesays.com\/se\/wp-json\/wp\/v2\/media\/41048"}],"wp:attachment":[{"href":"https:\/\/www.europesays.com\/se\/wp-json\/wp\/v2\/media?parent=41047"}],"wp:term":[{"taxonomy":"category","embeddable":true,"href":"https:\/\/www.europesays.com\/se\/wp-json\/wp\/v2\/categories?post=41047"},{"taxonomy":"post_tag","embeddable":true,"href":"https:\/\/www.europesays.com\/se\/wp-json\/wp\/v2\/tags?post=41047"}],"curies":[{"name":"wp","href":"https:\/\/api.w.org\/{rel}","templated":true}]}}