{"id":41053,"date":"2025-09-27T11:48:14","date_gmt":"2025-09-27T11:48:14","guid":{"rendered":"https:\/\/www.europesays.com\/se\/41053\/"},"modified":"2025-09-27T11:48:14","modified_gmt":"2025-09-27T11:48:14","slug":"j-sodras-supporterprofil-att-kalla-staplats-farligt-ar-helt-fel","status":"publish","type":"post","link":"https:\/\/www.europesays.com\/se\/41053\/","title":{"rendered":"J-S\u00f6dras supporterprofil: \u201dAtt kalla st\u00e5plats farligt \u00e4r helt fel\u201d"},"content":{"rendered":"<p>N\u00e4stan 7 000 \u00e5sk\u00e5dare i ett Ettan-derby och flera hyllade tifon den h\u00e4r s\u00e4songen. Men samtidigt beskriver lokalpolisen J\u00f6nk\u00f6pings S\u00f6dras st\u00e5plats som en \u201dfarlig plats f\u00f6r barn och unga\u201d. SvenskaFans har pratat med supportern Mattias S\u00f6rensson om polisens utspel, klubbens svar och chansen att g\u00e5 upp i Superettan.<\/p>\n<p>Mattias S\u00f6rensson \u00e4r en av dem som lever och andas J-S\u00f6dras supporterkultur. Han ser sig som en del av gemenskapen p\u00e5 Stadsparksvallens st\u00e5plats och \u00e4r engagerad i podden Gr\u00f6na Gatan, som ofta bjuder in g\u00e4ster fr\u00e5n laget och f\u00f6reningen.<\/p>\n<p><strong>Namn: <\/strong>Mattias S\u00f6rensson<br \/><strong>\u00c5lder: <\/strong>33 \u00e5r<br \/><strong>Bor: <\/strong>J\u00f6nk\u00f6ping<\/p>\n<p><strong>Knappt 7 000 \u00e5sk\u00e5dare i derbyt mot Husqvarna senast. Hur upplever du st\u00e4mningen?<\/strong><br \/>\u2013 Det var en fantastisk kv\u00e4ll. Att se s\u00e5 m\u00e5nga samlas, sjunga och st\u00f6tta sitt lag visar vilken kraft fotbollen har i J\u00f6nk\u00f6ping. Det var en publikfest, helt enkelt, s\u00e4ger Mattias S\u00f6rensson.<br \/><strong>Lokalpolisen i J\u00f6nk\u00f6ping menar i ett <a target=\"_blank\" href=\"https:\/\/www.svt.se\/nyheter\/lokalt\/jonkoping\/polisen-j-sodras-staplats-ar-en-farlig-plats-for-barn-och-unga\" rel=\"nofollow noopener\">inslag i SVT<\/a> att J-S\u00f6dras st\u00e5plats \u00e4r en farlig plats f\u00f6r barn och unga. Vad tycker du om det utspelet? Ligger det n\u00e5got i det?<\/strong><br \/>\u2013 Nej, jag h\u00e5ller inte med. Min upplevelse \u00e4r att st\u00e5plats \u00e4r en trygg milj\u00f6, d\u00e4r barn och unga snarare f\u00e5r ta del av n\u00e5got v\u00e4ldigt positivt. De dras ofta till tifona, s\u00e5ngerna och hela st\u00e4mningen runt l\u00e4ktaren. Att kalla det farligt tycker jag \u00e4r helt fel.<\/p>\n<p><strong>\u00a0Polisen menar \u00e4ven att det finns stora brister i klubbens s\u00e4kerhetsarbete, \u00e4r det en k\u00e4nsla du delar?<\/strong><br \/>\u2013 Jag upplever det inte s\u00e5. Det finns alltid saker att utveckla, men bilden som m\u00e5las upp \u00e4r \u00f6verdriven. F\u00f6r mig k\u00e4nns arrangemangen trygga och J-S\u00f6dra har varit bra p\u00e5 att ta ansvar runt matcherna.<\/p>\n<p><strong>\u00c4ven politiker (oppositionsr\u00e5det i J\u00f6nk\u00f6pings kommun, Andreas Sturesson, KD) har kritiserat J-S\u00f6dra, vad anser du om det?<\/strong><br \/>\u2013 Jag tycker det \u00e4r olyckligt n\u00e4r politiker hoppar p\u00e5 en negativ bild utan att ha hela bilden klar. Ist\u00e4llet borde man se fotbollen som en positiv kraft i staden. Vi samlar m\u00e4nniskor \u00f6ver gr\u00e4nser, \u00e5ldrar och bakgrunder. Det \u00e4r n\u00e5got J\u00f6nk\u00f6ping borde vara stolt \u00f6ver.<\/p>\n<p><strong>Hur har J-S\u00f6dra agerat och svarat p\u00e5 utspelen och kritiken tycker du?<\/strong><br \/>\u2013 Jag tycker klubben har varit saklig och lugn i sitt bem\u00f6tande, vilket \u00e4r bra. Men jag skulle g\u00e4rna se att man lyfter fram \u00e4nnu mer av det positiva vi faktiskt har: v\u00e4xande publik, fina tifon, gemenskap och att m\u00e5nga unga hittar till fotbollen via st\u00e5plats.<\/p>\n<p><strong>Ifall du lyfter blicken, hur ser du p\u00e5 polisens utspel (Per Engstr\u00f6m m.fl) i stort om supportrar och ordningsl\u00e4get p\u00e5 de svenska fotbollsl\u00e4ktarna?<\/strong><br \/>\u2013 Jag tycker det \u00e4r problematiskt att man m\u00e5lar upp supportrar som ett problem ist\u00e4llet f\u00f6r en tillg\u00e5ng. Svensk fotboll har publikrekord \u00e5r efter \u00e5r och l\u00e4ktarkulturen \u00e4r en stor anledning. Det \u00e4r klart att vi ska jobba mot det lilla som faktiskt \u00e4r negativt, men fokus borde ligga p\u00e5 att st\u00f6tta det som g\u00f6r fotbollen unik.<\/p>\n<p><strong>\u00a0J-S\u00f6dra har n\u00e4stan 2 000 i hemmasnitt, klart mest i Ettan, hur beskriver du publikutvecklingen?<\/strong><br \/>\u2013 Den \u00e4r fantastisk! Det m\u00e4rks att det finns ett sug efter fotboll i stan, och Stadsparksvallen lever verkligen upp p\u00e5 matchdagar. Det visar ocks\u00e5 att det inte bara \u00e4r resultaten som lockar, folk vill vara en del av kulturen.<\/p>\n<p><img loading=\"lazy\" decoding=\"async\" src=\"https:\/\/www.europesays.com\/se\/wp-content\/uploads\/2025\/09\/US27v5Tmu6esUUyaDPr4idbAktEIwJFLne36CL0F.jpg\" width=\"750\" height=\"350\"\/>Tifot i hemmapremi\u00e4ren sm\u00e4ller h\u00f6gst.<\/p>\n<p><strong>Det har gjorts en hel del snygga tifon den h\u00e4r s\u00e4songen p\u00e5 Stadsparksvallen. Vilket \u00e4r din favorit?<\/strong><br \/>\u2013 Det \u00e4r sv\u00e5rt att v\u00e4lja eftersom niv\u00e5n p\u00e5 tifona har varit v\u00e4ldigt h\u00f6g i \u00e5r, men om jag m\u00e5ste v\u00e4lja s\u00e5 fastnar jag nog f\u00f6r premi\u00e4rtifot med texten \u201cH\u00e4r h\u00f6r vi hemma vid V\u00e4tterns strand\u201d och den stora m\u00e5lningen av staden som bredde ut sig \u00f6ver hela st\u00e5plats. Det var s\u00e5 otroligt vackert och kraftfullt. Det satte tonen direkt f\u00f6r s\u00e4songen. Det tifot kn\u00f6t ihop stad, klubb och supportrar p\u00e5 ett s\u00e4tt som verkligen ber\u00f6rde mig. Samtidigt vill jag ocks\u00e5 lyfta fram derbytifot som var v\u00e4ldigt snyggt!<\/p>\n<p><strong>Till sist, hur ser du p\u00e5 J-S\u00f6dras chans att g\u00e5 upp till Superettan och vad skulle det betyda?<\/strong><br \/>\u2013 J-S\u00f6dra ligger tv\u00e5a i serien och har egentligen allt i egna h\u00e4nder. Vi har bland annat Ljungskile hemma kvar p\u00e5 Vallen, vilket kommer bli en nyckelmatch. Om vi vinner v\u00e5ra \u00e5terst\u00e5ende matcher s\u00e5 slutar vi etta, s\u00e5 enkelt \u00e4r det i teorin. Men verkligheten \u00e4r tuffare. Det kommer kr\u00e4vas h\u00e5rt jobb, disciplin och lite marginaler p\u00e5 v\u00e5r sida. Chansen finns absolut och k\u00e4nslan \u00e4r att staden st\u00e5r redo bakom laget, s\u00e4ger han och forts\u00e4tter:<\/p>\n<p>\u2013 Ett avancemang skulle betyda oerh\u00f6rt mycket. Sportsligt skulle det ge klubben en skjuts fram\u00e5t, men det skulle ocks\u00e5 st\u00e4rka supporterkulturen, locka \u00e4nnu fler till Vallen och bef\u00e4sta J-S\u00f6dra som stadens lag. Det hade varit en bekr\u00e4ftelse p\u00e5 allt arbete som lagts ner p\u00e5 och utanf\u00f6r planen.<\/p>\n<p>N\u00e4sta match f\u00f6r J\u00f6nk\u00f6pings S\u00f6dra \u00e4ger rum idag l\u00f6rdag borta mot H\u00e4ssleholm.<\/p>\n<p><strong>L\u00e4s mer:<\/strong> <a target=\"_self\" href=\"https:\/\/www.svenskafans.com\/fotboll\/publikfest-och-publikrekord-pa-laktaren-mallost-pa-planen-685214\" rel=\"nofollow noopener\">Publikfest och publikrekord p\u00e5 l\u00e4ktaren &#8211; m\u00e5ll\u00f6st p\u00e5 planen<\/a><\/p>\n","protected":false},"excerpt":{"rendered":"N\u00e4stan 7 000 \u00e5sk\u00e5dare i ett Ettan-derby och flera hyllade tifon den h\u00e4r s\u00e4songen. Men samtidigt beskriver lokalpolisen&hellip;\n","protected":false},"author":2,"featured_media":41054,"comment_status":"","ping_status":"","sticky":false,"template":"","format":"standard","meta":{"footnotes":""},"categories":[67],"tags":[159,104,158,157,138,156,165,164,140,34,160,162,111,31,161,33,32,30,163,105],"class_list":{"0":"post-41053","1":"post","2":"type-post","3":"status-publish","4":"format-standard","5":"has-post-thumbnail","7":"category-underhallning","8":"tag-allsvenskan","9":"tag-entertainment","10":"tag-fans","11":"tag-fantv","12":"tag-fotboll","13":"tag-hockey","14":"tag-matcher","15":"tag-matchprogram","16":"tag-premier-league","17":"tag-se","18":"tag-serie-a","19":"tag-spelschema","20":"tag-sport","21":"tag-svenska","22":"tag-svenskafans","23":"tag-sverige","24":"tag-sweden","25":"tag-swedish","26":"tag-tabeller","27":"tag-underhallning"},"share_on_mastodon":{"url":"","error":""},"_links":{"self":[{"href":"https:\/\/www.europesays.com\/se\/wp-json\/wp\/v2\/posts\/41053","targetHints":{"allow":["GET"]}}],"collection":[{"href":"https:\/\/www.europesays.com\/se\/wp-json\/wp\/v2\/posts"}],"about":[{"href":"https:\/\/www.europesays.com\/se\/wp-json\/wp\/v2\/types\/post"}],"author":[{"embeddable":true,"href":"https:\/\/www.europesays.com\/se\/wp-json\/wp\/v2\/users\/2"}],"replies":[{"embeddable":true,"href":"https:\/\/www.europesays.com\/se\/wp-json\/wp\/v2\/comments?post=41053"}],"version-history":[{"count":0,"href":"https:\/\/www.europesays.com\/se\/wp-json\/wp\/v2\/posts\/41053\/revisions"}],"wp:featuredmedia":[{"embeddable":true,"href":"https:\/\/www.europesays.com\/se\/wp-json\/wp\/v2\/media\/41054"}],"wp:attachment":[{"href":"https:\/\/www.europesays.com\/se\/wp-json\/wp\/v2\/media?parent=41053"}],"wp:term":[{"taxonomy":"category","embeddable":true,"href":"https:\/\/www.europesays.com\/se\/wp-json\/wp\/v2\/categories?post=41053"},{"taxonomy":"post_tag","embeddable":true,"href":"https:\/\/www.europesays.com\/se\/wp-json\/wp\/v2\/tags?post=41053"}],"curies":[{"name":"wp","href":"https:\/\/api.w.org\/{rel}","templated":true}]}}