{"id":41057,"date":"2025-09-27T11:53:10","date_gmt":"2025-09-27T11:53:10","guid":{"rendered":"https:\/\/www.europesays.com\/se\/41057\/"},"modified":"2025-09-27T11:53:10","modified_gmt":"2025-09-27T11:53:10","slug":"strider-pa-gransen-mellan-thailand-och-kambodja","status":"publish","type":"post","link":"https:\/\/www.europesays.com\/se\/41057\/","title":{"rendered":"Strider p\u00e5 gr\u00e4nsen mellan Thailand och Kambodja"},"content":{"rendered":"<p>Styrkor fr\u00e5n b\u00e5da sidor har beskjutit varandra i gr\u00e4nsomr\u00e5det mellan Thailand och Kambodja, rapporterar Bloomberg. Det \u00e4r de f\u00f6rsta stridigheterna sedan l\u00e4nderna sl\u00f6t avtal om vapenvila i augusti. <\/p>\n<p>Enligt den thail\u00e4ndska arm\u00e9n sk\u00f6t kambodjanska soldater mot Chong An Ma-omr\u00e5det i provinsen Ubon Ratchathani, varp\u00e5 thail\u00e4ndska soldater besvarade elden. <\/p>\n<p>Kambodja h\u00e4vdar \u00e5 sin sida att thail\u00e4ndska styrkor skjutit och anv\u00e4nt granater mot milit\u00e4rbasen An Seh.<\/p>\n<p>Ingen sida har rapporterat om d\u00f6dsfall eller skador. <\/p>\n<p>Omni \u00e4r politiskt obundna och oberoende. Vi str\u00e4var efter att ge fler perspektiv p\u00e5 nyheterna. Har du fr\u00e5gor eller synpunkter kring v\u00e5r rapportering? <a href=\"https:\/\/omni.se\/strider-pa-gransen-mellan-thailand-och-kambodja\/a\/mailto:redaktion@omni.se\" class=\"ArticleActions_contactLink__W2F1M\" rel=\"nofollow noopener\" target=\"_blank\">Kontakta redaktionen<\/a><\/p>\n","protected":false},"excerpt":{"rendered":"Styrkor fr\u00e5n b\u00e5da sidor har beskjutit varandra i gr\u00e4nsomr\u00e5det mellan Thailand och Kambodja, rapporterar Bloomberg. Det \u00e4r de&hellip;\n","protected":false},"author":2,"featured_media":41058,"comment_status":"","ping_status":"","sticky":false,"template":"","format":"standard","meta":{"footnotes":""},"categories":[5],"tags":[420,22,23,26,27,17,21,1885,24,25,28,29,15,16,18,34,31,33,32,30,1886,19,20],"class_list":{"0":"post-41057","1":"post","2":"type-post","3":"status-publish","4":"format-standard","5":"has-post-thumbnail","7":"category-rubriker","8":"tag-asien","9":"tag-breaking-news","10":"tag-breakingnews","11":"tag-featured-news","12":"tag-featurednews","13":"tag-headlines","14":"tag-huvudnyheter","15":"tag-kambodja","16":"tag-latest-news","17":"tag-latestnews","18":"tag-main-news","19":"tag-mainnews","20":"tag-news","21":"tag-nyheter","22":"tag-rubriker","23":"tag-se","24":"tag-svenska","25":"tag-sverige","26":"tag-sweden","27":"tag-swedish","28":"tag-thailand","29":"tag-top-stories","30":"tag-topstories"},"share_on_mastodon":{"url":"","error":""},"_links":{"self":[{"href":"https:\/\/www.europesays.com\/se\/wp-json\/wp\/v2\/posts\/41057","targetHints":{"allow":["GET"]}}],"collection":[{"href":"https:\/\/www.europesays.com\/se\/wp-json\/wp\/v2\/posts"}],"about":[{"href":"https:\/\/www.europesays.com\/se\/wp-json\/wp\/v2\/types\/post"}],"author":[{"embeddable":true,"href":"https:\/\/www.europesays.com\/se\/wp-json\/wp\/v2\/users\/2"}],"replies":[{"embeddable":true,"href":"https:\/\/www.europesays.com\/se\/wp-json\/wp\/v2\/comments?post=41057"}],"version-history":[{"count":0,"href":"https:\/\/www.europesays.com\/se\/wp-json\/wp\/v2\/posts\/41057\/revisions"}],"wp:featuredmedia":[{"embeddable":true,"href":"https:\/\/www.europesays.com\/se\/wp-json\/wp\/v2\/media\/41058"}],"wp:attachment":[{"href":"https:\/\/www.europesays.com\/se\/wp-json\/wp\/v2\/media?parent=41057"}],"wp:term":[{"taxonomy":"category","embeddable":true,"href":"https:\/\/www.europesays.com\/se\/wp-json\/wp\/v2\/categories?post=41057"},{"taxonomy":"post_tag","embeddable":true,"href":"https:\/\/www.europesays.com\/se\/wp-json\/wp\/v2\/tags?post=41057"}],"curies":[{"name":"wp","href":"https:\/\/api.w.org\/{rel}","templated":true}]}}