{"id":41061,"date":"2025-09-27T12:01:09","date_gmt":"2025-09-27T12:01:09","guid":{"rendered":"https:\/\/www.europesays.com\/se\/41061\/"},"modified":"2025-09-27T12:01:09","modified_gmt":"2025-09-27T12:01:09","slug":"nya-upptackten-i-dodsskjutningen-vid-nfls-kontor-nfl","status":"publish","type":"post","link":"https:\/\/www.europesays.com\/se\/41061\/","title":{"rendered":"Nya uppt\u00e4ckten i d\u00f6dsskjutningen vid NFL:s kontor | Nfl"},"content":{"rendered":"<p>Publicerad 27 sep 2025 kl 11.57Uppdaterad kl 12.49<\/p>\n<p>Han sk\u00f6t ihj\u00e4l fyra personer vid NFL:s kontor p\u00e5 Manhattan.\u00a0<\/p>\n<p>Nu avsl\u00f6jas att Shane Devon Tamura led av hj\u00e4rnsjukdomen CTE.\u00a0<\/p>\n<p>Sjukdomen som har drabbat flera NFL-stj\u00e4rnor.\u00a0<\/p>\n<p><img   alt=\"\"\/>\u00d6ppna bild i helsk\u00e4rm<img loading=\"lazy\"   alt=\"\"\/>\u00d6ppna bild i helsk\u00e4rm<img loading=\"lazy\"   alt=\"\"\/><\/p>\n<p>27-\u00e5riga Julia Hyman var en av de som m\u00f6rdades av Tamura.<\/p>\n<p>\u00d6ppna bild i helsk\u00e4rm<\/p>\n<p>Fyra personer dog n\u00e4r Shane Devon Tamura, 27, \u00f6ppnade eld i en skyskrapa d\u00e4r <a href=\"https:\/\/www.expressen.se\/tagg\/organization\/nfl\/\" class=\"\" rel=\"nofollow noopener\" target=\"_blank\">NFL<\/a> har sitt huvudkontor p\u00e5 Manhattan.<\/p>\n<p>Tamura tog sitt liv och polisen hittade ett sj\u00e4lvmordsbrev som kopplas till NFL och hj\u00e4rnsjukdomen CTE.\u00a0<\/p>\n<p>Sjukdomen liknar Alzheimers, och orsakas ofta av upprepade slag mot huvudet. Amerikanska fotbollsspelare har pekats ut som s\u00e4rskilt drabbade.<\/p>\n<p>\u201dLigan har medvetet dolt riskerna f\u00f6r v\u00e5ra hj\u00e4rnor f\u00f6r att maximera vinsterna\u201d, skrev han i brevet.\u00a0<\/p>\n<p>Nu bekr\u00e4ftar r\u00e4ttsl\u00e4karna att Tamura hade \u201dotvetydiga tecken p\u00e5 l\u00e5ggradig CTE\u201d. Det rapporterar <a href=\"https:\/\/nypost.com\/2025\/09\/26\/us-news\/park-ave-shooter-shane-tamura-had-brain-disease-cte-medical-examiner-confirms\/\" rel=\"nofollow noopener\" target=\"_blank\">New York Post.\u00a0<\/a><\/p>\n<p>\u201dKan inte s\u00e4ga det\u201d\u00a0<\/p>\n<p>En talesperson po\u00e4ngterar dock:\u00a0<\/p>\n<p>\u2013 Vi kan inte s\u00e4ga vilken roll CTE spelade i just den h\u00e4r h\u00e4ndelsen. Vi s\u00e4ger inte att CTE \u00e4r orsaken till det som h\u00e4nde vid skjutningen p\u00e5 Park Avenue.\u00a0<\/p>\n<p>Tamura spelade aldrig NFL, men var en hyllad running back p\u00e5 high school-niv\u00e5. Enligt tidigare lagkamrater och tr\u00e4nare f\u00f6r\u00e4ndrades han drastiskt efter gymnasietiden.\u00a0<\/p>\n<p>NFL s\u00e4ger i ett uttalande att de s\u00f6rjer de avlidna, och att forskningen forts\u00e4tter att unders\u00f6ka orsakerna bakom CTE.<\/p>\n","protected":false},"excerpt":{"rendered":"Publicerad 27 sep 2025 kl 11.57Uppdaterad kl 12.49 Han sk\u00f6t ihj\u00e4l fyra personer vid NFL:s kontor p\u00e5 Manhattan.\u00a0&hellip;\n","protected":false},"author":2,"featured_media":41062,"comment_status":"","ping_status":"","sticky":false,"template":"","format":"standard","meta":{"footnotes":""},"categories":[5],"tags":[22,23,26,27,17,21,24,25,28,29,15,16,1189,18,34,1188,31,33,32,30,19,20],"class_list":{"0":"post-41061","1":"post","2":"type-post","3":"status-publish","4":"format-standard","5":"has-post-thumbnail","7":"category-rubriker","8":"tag-breaking-news","9":"tag-breakingnews","10":"tag-featured-news","11":"tag-featurednews","12":"tag-headlines","13":"tag-huvudnyheter","14":"tag-latest-news","15":"tag-latestnews","16":"tag-main-news","17":"tag-mainnews","18":"tag-news","19":"tag-nyheter","20":"tag-organization-nfl","21":"tag-rubriker","22":"tag-se","23":"tag-sections-nfl","24":"tag-svenska","25":"tag-sverige","26":"tag-sweden","27":"tag-swedish","28":"tag-top-stories","29":"tag-topstories"},"share_on_mastodon":{"url":"","error":""},"_links":{"self":[{"href":"https:\/\/www.europesays.com\/se\/wp-json\/wp\/v2\/posts\/41061","targetHints":{"allow":["GET"]}}],"collection":[{"href":"https:\/\/www.europesays.com\/se\/wp-json\/wp\/v2\/posts"}],"about":[{"href":"https:\/\/www.europesays.com\/se\/wp-json\/wp\/v2\/types\/post"}],"author":[{"embeddable":true,"href":"https:\/\/www.europesays.com\/se\/wp-json\/wp\/v2\/users\/2"}],"replies":[{"embeddable":true,"href":"https:\/\/www.europesays.com\/se\/wp-json\/wp\/v2\/comments?post=41061"}],"version-history":[{"count":0,"href":"https:\/\/www.europesays.com\/se\/wp-json\/wp\/v2\/posts\/41061\/revisions"}],"wp:featuredmedia":[{"embeddable":true,"href":"https:\/\/www.europesays.com\/se\/wp-json\/wp\/v2\/media\/41062"}],"wp:attachment":[{"href":"https:\/\/www.europesays.com\/se\/wp-json\/wp\/v2\/media?parent=41061"}],"wp:term":[{"taxonomy":"category","embeddable":true,"href":"https:\/\/www.europesays.com\/se\/wp-json\/wp\/v2\/categories?post=41061"},{"taxonomy":"post_tag","embeddable":true,"href":"https:\/\/www.europesays.com\/se\/wp-json\/wp\/v2\/tags?post=41061"}],"curies":[{"name":"wp","href":"https:\/\/api.w.org\/{rel}","templated":true}]}}