{"id":41069,"date":"2025-09-27T12:29:08","date_gmt":"2025-09-27T12:29:08","guid":{"rendered":"https:\/\/www.europesays.com\/se\/41069\/"},"modified":"2025-09-27T12:29:08","modified_gmt":"2025-09-27T12:29:08","slug":"smallen-tre-kronor-backen-blir-borta-lange","status":"publish","type":"post","link":"https:\/\/www.europesays.com\/se\/41069\/","title":{"rendered":"SM\u00c4LLEN: Tre Kronor-backen blir borta l\u00e4nge"},"content":{"rendered":"<p><strong><a href=\"https:\/\/hockeysverige.se\/klubb\/orebro-hockey\/\" rel=\"nofollow noopener\" target=\"_blank\">\u00d6rebro<\/a> har f\u00e5tt ett tufft skadebesked. Nyckelbacken Filip Berglund blir borta l\u00e4nge efter att ha \u00e5dragit sig en handskada.<br \/>\u2013 Vi r\u00e4knar inte med honom i spel innan landslagsuppeh\u00e5llet i november, s\u00e4ger Sam Masih, rehabansvarig i \u00d6rebro Hockey<\/strong>.<\/p>\n<p>Filip Berglund gjorde sex landskamper f\u00f6rra s\u00e4songen och har i b\u00f6rjan av den h\u00e4r s\u00e4songen legat runt 20 minuters istid per match f\u00f6r \u00d6rebro. Men i matchen mot V\u00e4xj\u00f6 i torsdags tvingades Berglund utg\u00e5 efter att ha \u00e5dragit sig en skada.<\/p>\n<p>Nu st\u00e5r det klart att Berglund blir borta \u00e5tminstone i en och en halv m\u00e5nad, meddelar \u00d6rebro p\u00e5 sin <a href=\"https:\/\/www.orebrohockey.se\/article\/m54at38-3afc1\/view\" rel=\"nofollow noopener\" target=\"_blank\">webbplats<\/a>.<\/p>\n<p>\u2013\u00a0Efter matchen mot V\u00e4xj\u00f6 har Filip unders\u00f6kts h\u00e4r hemma i \u00d6rebro. Nu st\u00e5r klart att\u00a0Filip har \u00e5dragit sig en handskada och\u00a0vi r\u00e4knar inte med honom i spel innan landslagsuppeh\u00e5llet i november, s\u00e4ger Sam Masih, rehabansvarig i \u00d6rebro Hockey.<\/p>\n<p>Berglund gjorde f\u00f6rra s\u00e4songen 25 po\u00e4ng i <a href=\"https:\/\/hockeysverige.se\/shl\/\" rel=\"nofollow noopener\" target=\"_blank\">SHL<\/a> fr\u00e5n sin backplats. Den h\u00e4r s\u00e4songen har han inlett med en assistpo\u00e4ng p\u00e5 fem matcher.<\/p>\n<p> Source: <a href=\"https:\/\/www.eliteprospects.com\/player\/113834\/filip-berglund\" target=\"_blank\" rel=\"noopener noreferrer nofollow\">Filip Berglund<\/a> @ Elite Prospects<\/p>\n","protected":false},"excerpt":{"rendered":"\u00d6rebro har f\u00e5tt ett tufft skadebesked. Nyckelbacken Filip Berglund blir borta l\u00e4nge efter att ha \u00e5dragit sig en&hellip;\n","protected":false},"author":2,"featured_media":41070,"comment_status":"","ping_status":"","sticky":false,"template":"","format":"standard","meta":{"footnotes":""},"categories":[68],"tags":[34,133,111,110,31,33,32,30],"class_list":{"0":"post-41069","1":"post","2":"type-post","3":"status-publish","4":"format-standard","5":"has-post-thumbnail","7":"category-sport","8":"tag-se","9":"tag-second-news","10":"tag-sport","11":"tag-sports","12":"tag-svenska","13":"tag-sverige","14":"tag-sweden","15":"tag-swedish"},"share_on_mastodon":{"url":"","error":""},"_links":{"self":[{"href":"https:\/\/www.europesays.com\/se\/wp-json\/wp\/v2\/posts\/41069","targetHints":{"allow":["GET"]}}],"collection":[{"href":"https:\/\/www.europesays.com\/se\/wp-json\/wp\/v2\/posts"}],"about":[{"href":"https:\/\/www.europesays.com\/se\/wp-json\/wp\/v2\/types\/post"}],"author":[{"embeddable":true,"href":"https:\/\/www.europesays.com\/se\/wp-json\/wp\/v2\/users\/2"}],"replies":[{"embeddable":true,"href":"https:\/\/www.europesays.com\/se\/wp-json\/wp\/v2\/comments?post=41069"}],"version-history":[{"count":0,"href":"https:\/\/www.europesays.com\/se\/wp-json\/wp\/v2\/posts\/41069\/revisions"}],"wp:featuredmedia":[{"embeddable":true,"href":"https:\/\/www.europesays.com\/se\/wp-json\/wp\/v2\/media\/41070"}],"wp:attachment":[{"href":"https:\/\/www.europesays.com\/se\/wp-json\/wp\/v2\/media?parent=41069"}],"wp:term":[{"taxonomy":"category","embeddable":true,"href":"https:\/\/www.europesays.com\/se\/wp-json\/wp\/v2\/categories?post=41069"},{"taxonomy":"post_tag","embeddable":true,"href":"https:\/\/www.europesays.com\/se\/wp-json\/wp\/v2\/tags?post=41069"}],"curies":[{"name":"wp","href":"https:\/\/api.w.org\/{rel}","templated":true}]}}