{"id":41073,"date":"2025-09-27T12:37:08","date_gmt":"2025-09-27T12:37:08","guid":{"rendered":"https:\/\/www.europesays.com\/se\/41073\/"},"modified":"2025-09-27T12:37:08","modified_gmt":"2025-09-27T12:37:08","slug":"bjorn-borg-hysteri-pa-bokmassan-sverige","status":"publish","type":"post","link":"https:\/\/www.europesays.com\/se\/41073\/","title":{"rendered":"Bj\u00f6rn Borg-hysteri p\u00e5 Bokm\u00e4ssan | Sverige"},"content":{"rendered":"<p>Bj\u00f6rn Borg \u00e4r p\u00e5 plats p\u00e5 Bokm\u00e4ssan i G\u00f6teborg.\u00a0<\/p>\n<p>Och det r\u00e5der hysteri.\u00a0<\/p>\n<p>\u2013 Han visar sig inte s\u00e5 ofta s\u00e5 h\u00e4r, s\u00e4ger hustrun Patricia Borg.\u00a0<\/p>\n<p><img   alt=\"\"\/><\/p>\n<p>Bj\u00f6rn Borg under Bokm\u00e4ssan.<\/p>\n<p>Foto: Hanna Brunl\u00f6f<\/p>\n<p>\u00d6ppna bild i helsk\u00e4rm<\/p>\n<p>F\u00f6r drygt en vecka sedan sl\u00e4pptes Bj\u00f6rn Borgs sj\u00e4lvbiografi \u201dHj\u00e4rtslag\u201d som han skrivit tillsammans med frun Patricia Borg. I boken blickar tennisikonen tillbaka p\u00e5 sin framg\u00e5ngsrika karri\u00e4r men delar ocks\u00e5 med sig av betydligt m\u00f6rkare perioder i livet. \u00a0<\/p>\n<p>P\u00e5 l\u00f6rdagsf\u00f6rmiddagen gjorde Bj\u00f6rn Borg entr\u00e9 p\u00e5 <a href=\"https:\/\/www.expressen.se\/tagg\/organization\/bokmassan\/\" class=\"\" rel=\"nofollow noopener\" target=\"_blank\">Bokm\u00e4ssan<\/a> i G\u00f6teborg \u2013 och det blev hysteri direkt.\u00a0<\/p>\n<p><img loading=\"lazy\"   alt=\"\"\/><\/p>\n<p>Bj\u00f6rn Borg signerar b\u00f6cker under Bokm\u00e4ssan i G\u00f6teborg.<\/p>\n<p>Foto: Hanna Brunl\u00f6f<\/p>\n<p>\u00d6ppna bild i helsk\u00e4rm<\/p>\n<p>K\u00f6n till bordet d\u00e4r Borg skulle signera b\u00f6cker ringlade sig \u00f6ver stora delar av m\u00e4ssgolvet l\u00e5ngt innan signeringen b\u00f6rjat.\u00a0<\/p>\n<p>\u2013 Det \u00e4r enbart p\u00e5 grund av Bj\u00f6rn Borg som jag \u00e4r h\u00e4r, s\u00e4ger Peter som var en av de hundratals bes\u00f6kare som k\u00f6ade f\u00f6r att f\u00e5 en signerad bok.\u00a0<\/p>\n<p><img loading=\"lazy\"   alt=\"\"\/><\/p>\n<p>K\u00f6n till Borgs boksignering var l\u00e5ng.<\/p>\n<p>Foto: Hanna Brunl\u00f6f<\/p>\n<p>\u00d6ppna bild i helsk\u00e4rmJuholt smet f\u00f6re i k\u00f6n<\/p>\n<p>En som d\u00e4remot smet f\u00f6re den l\u00e5nga k\u00f6n var den f\u00f6re detta socialdemokratiske partiledaren och ambassad\u00f6ren H\u00e5kan Juholt.\u00a0<\/p>\n<p>\u2013 Bj\u00f6rn Borg tillh\u00f6r min generation och jag f\u00f6ljde hans tenniskarri\u00e4r noga. Och jag vill s\u00e5 klart ha en bok, s\u00e4ger Juholt och f\u00f6rklarar hur han lyckades runda den l\u00e5nga k\u00f6n.\u00a0<\/p>\n<p>\u2013 N\u00e4r jag hade en tuff period i livet var Bj\u00f6rn, och inte minst hans hustru Patricia, ett v\u00e4ldigt stort st\u00f6d f\u00f6r mig. Sedan dess har vi h\u00e5llit kontakten, det \u00e4r framf\u00f6r allt Patricia och jag som h\u00f6rs.\u00a0<\/p>\n<p><img loading=\"lazy\"   alt=\"\"\/><\/p>\n<p>H\u00e5kan Juholt var snabb med att skaffa ett ex av Borgs bok.<\/p>\n<p>Foto: Hanna Brunl\u00f6f<\/p>\n<p>\u00d6ppna bild i helsk\u00e4rmFrun: \u201dHan visar sig s\u00e4llan\u201d<\/p>\n<p>Under Bj\u00f6rn Borgs framg\u00e5ngsrika tenniskarri\u00e4r hette det ofta att det r\u00e5dde \u201dBeatles-hysteri\u201d, riktigt s\u00e5 \u00e4r det kanske inte under Bokm\u00e4ssan. Men Borg \u00e4r utan tvivel den som hittills lockat flest bes\u00f6kare till signering p\u00e5 \u00e5rets m\u00e4ssa.\u00a0<\/p>\n<p>Frun Patricia Borg tror att det finns en f\u00f6rklaring till det.\u00a0<\/p>\n<p>\u2013 Han visar sig inte ofta, s\u00e5 jag kan f\u00f6rst\u00e5 det p\u00e5 ett s\u00e4tt. Men det \u00e4r underbart att se att hur mycket folk som kommer hit och till Bokm\u00e4ssan, att det b\u00f6rjar \u00f6ka med l\u00e4sning och b\u00f6cker igen.<\/p>\n<p><strong>Vad tror du Bj\u00f6rn tycker om att sitta h\u00e4r bland m\u00e4ngder av m\u00e4nniskor?\u00a0<\/strong><\/p>\n<p>\u2013 Han tycker det \u00e4r kul. Och det \u00e4r nog roligare att faktiskt ha en bok att signera \u00e4n att bara skriva autografer. Nu har han ju verkligen n\u00e5got att visa upp som han har gjort.\u00a0<\/p>\n<p><img loading=\"lazy\"   alt=\"\"\/><\/p>\n<p>Patricia Borg har skrivit biografin tillsammans med maken Bj\u00f6rn Borg.<\/p>\n<p>Foto: Hanna Brunl\u00f6f<\/p>\n<p>\u00d6ppna bild i helsk\u00e4rm<\/p>\n","protected":false},"excerpt":{"rendered":"Bj\u00f6rn Borg \u00e4r p\u00e5 plats p\u00e5 Bokm\u00e4ssan i G\u00f6teborg.\u00a0 Och det r\u00e5der hysteri.\u00a0 \u2013 Han visar sig inte&hellip;\n","protected":false},"author":2,"featured_media":41074,"comment_status":"","ping_status":"","sticky":false,"template":"","format":"standard","meta":{"footnotes":""},"categories":[68],"tags":[4247,4061,308,34,154,111,110,31,33,32,30],"class_list":{"0":"post-41073","1":"post","2":"type-post","3":"status-publish","4":"format-standard","5":"has-post-thumbnail","7":"category-sport","8":"tag-newsstory-bokmassan2025","9":"tag-organization-bokmassan","10":"tag-person-bjorn-borg","11":"tag-se","12":"tag-sections-sverige","13":"tag-sport","14":"tag-sports","15":"tag-svenska","16":"tag-sverige","17":"tag-sweden","18":"tag-swedish"},"share_on_mastodon":{"url":"","error":""},"_links":{"self":[{"href":"https:\/\/www.europesays.com\/se\/wp-json\/wp\/v2\/posts\/41073","targetHints":{"allow":["GET"]}}],"collection":[{"href":"https:\/\/www.europesays.com\/se\/wp-json\/wp\/v2\/posts"}],"about":[{"href":"https:\/\/www.europesays.com\/se\/wp-json\/wp\/v2\/types\/post"}],"author":[{"embeddable":true,"href":"https:\/\/www.europesays.com\/se\/wp-json\/wp\/v2\/users\/2"}],"replies":[{"embeddable":true,"href":"https:\/\/www.europesays.com\/se\/wp-json\/wp\/v2\/comments?post=41073"}],"version-history":[{"count":0,"href":"https:\/\/www.europesays.com\/se\/wp-json\/wp\/v2\/posts\/41073\/revisions"}],"wp:featuredmedia":[{"embeddable":true,"href":"https:\/\/www.europesays.com\/se\/wp-json\/wp\/v2\/media\/41074"}],"wp:attachment":[{"href":"https:\/\/www.europesays.com\/se\/wp-json\/wp\/v2\/media?parent=41073"}],"wp:term":[{"taxonomy":"category","embeddable":true,"href":"https:\/\/www.europesays.com\/se\/wp-json\/wp\/v2\/categories?post=41073"},{"taxonomy":"post_tag","embeddable":true,"href":"https:\/\/www.europesays.com\/se\/wp-json\/wp\/v2\/tags?post=41073"}],"curies":[{"name":"wp","href":"https:\/\/api.w.org\/{rel}","templated":true}]}}