{"id":41075,"date":"2025-09-27T12:38:11","date_gmt":"2025-09-27T12:38:11","guid":{"rendered":"https:\/\/www.europesays.com\/se\/41075\/"},"modified":"2025-09-27T12:38:11","modified_gmt":"2025-09-27T12:38:11","slug":"nekas-visum-radd-att-hon-ska-stanna","status":"publish","type":"post","link":"https:\/\/www.europesays.com\/se\/41075\/","title":{"rendered":"Nekas visum \u2013 r\u00e4dd att hon ska stanna"},"content":{"rendered":"<p>Publicerad 27 sep 2025 kl 12.00<\/p>\n<p>Den palestinska sk\u00e5despelaren Ranin Odeh har inte f\u00e5tt visum f\u00f6r att delta i Bokm\u00e4ssans program \u2013 trots att hon jobbar med svenskst\u00f6dda Frihetsteatern p\u00e5 V\u00e4stbanken.\u00a0<\/p>\n<p>Vad man \u00e4r r\u00e4dd f\u00f6r \u00e4r att Ranin Odeh, v\u00e4l h\u00e4r, ska stanna och anv\u00e4nda sig av sin r\u00e4tt att s\u00f6ka asyl, skriver Annkatrin Meyerson som \u00e4r doktor i offentligr\u00e4tt.\u00a0<\/p>\n<p><img   alt=\"\"\/><\/p>\n<p>Annkatrin Meyerson \u00e4r doktor i offentligr\u00e4tt.<\/p>\n<p>Foto: Privat<\/p>\n<p>\u00d6ppna bild i helsk\u00e4rm<\/p>\n<p>Detta \u00e4r en debattartikel. Det \u00e4r skribenten som st\u00e5r f\u00f6r \u00e5sikterna i texten.&#13;<br \/>\n&#13;\n<\/p>\n<p><strong>DEBATT.<\/strong> Det har skrivits en del om att den palestinska sk\u00e5despelaren Ranin Odeh, verksam som barnteaterpedagog p\u00e5 Frihetsteatern p\u00e5 V\u00e4stbanken, nekats visering f\u00f6r att delta i <a href=\"https:\/\/www.expressen.se\/tagg\/organization\/bokmassan\/\" class=\"\" rel=\"nofollow noopener\" target=\"_blank\">Bokm\u00e4ssan<\/a> i G\u00f6teborg. Detta eftersom att det bed\u00f6ms finnas rimligt tvivel ang\u00e5ende hennes avsikt att l\u00e4mna Sverige innan viseringen har l\u00f6pt ut.\u00a0<\/p>\n<p>Hon anses inte ha visat att hon har tillr\u00e4ckliga sociala och ekonomiska band till sitt hemland sammantaget med att situationen p\u00e5 V\u00e4stbanken har f\u00f6rv\u00e4rrats. Vad man \u00e4r r\u00e4dd f\u00f6r \u00e4r allts\u00e5 att Ranin Odeh, v\u00e4l h\u00e4r, ska stanna och anv\u00e4nda sig av sin r\u00e4tt att s\u00f6ka asyl.\u00a0<\/p>\n<p>Nekas visum\u00a0<\/p>\n<p>EU:s viseringskodex, som medlemsl\u00e4nderna \u00e4r bundna av, \u00e4r konstruerad bland annat just f\u00f6r att f\u00f6rhindra att m\u00e4nniskor som beh\u00f6ver skydd kommer in i EU och d\u00e4rmed har r\u00e4tt att s\u00f6ka asyl. Samtidigt finns, liksom i all till\u00e4mpning av lagar, ett utrymme f\u00f6r bed\u00f6mning i det enskilda fallet, praxis kan skilja sig mellan medlemsl\u00e4nder liksom mellan olika beslutsfattare. Sverige tillh\u00f6r just nu de EU-stater som har h\u00f6gst andel avslag p\u00e5 ans\u00f6kningar om visum.\u00a0<\/p>\n<p>Ranin Odeh h\u00e4nvisar i sitt \u00f6verklagande till f\u00f6rvaltningsr\u00e4tten till sitt viktiga arbete som kulturarbetare inom en av Palestinas mest framg\u00e5ngsrika kulturinstitutioner: \u201dJag har konsekvent valt att \u00e5terv\u00e4nda till Palestina. Mitt beslut att f\u00f6rbli rotad h\u00e4r \u00e4r inte betingat av omst\u00e4ndigheter, utan ideologiskt och professionellt. Mitt liv, mitt arbete och mina ansvarsomr\u00e5den \u00e4r knutna till mitt hemland.\u201d\u00a0<\/p>\n<p>Att Ranin Odeh inte avser att stanna utan att \u00e5terv\u00e4nda till sitt hemland f\u00e5r st\u00f6d i att hon sedan 2011 har beviljats visum tjugotre g\u00e5nger varav sex g\u00e5nger till EU. Tre av dessa har g\u00e4llt Sverige. Sedan den 7:e oktober har hon varit utomlands fem g\u00e5nger. \u00c4nd\u00e5 ifr\u00e5gas\u00e4tts i avslaget hennes avsikt att \u00e5terv\u00e4nda.\u00a0<\/p>\n<p>Inte hennes avsikt att stanna<\/p>\n<p>Enligt konsulatet och domstolen har situationen p\u00e5 V\u00e4stbanken f\u00f6rs\u00e4mrats b\u00e5de socialt, ekonomiskt och s\u00e4kerhetsm\u00e4ssigt, men det ges inga exempel p\u00e5 individuell niv\u00e5 d\u00e5 inga h\u00e4nvisningar till landrapporter g\u00f6rs. D\u00e4remot framh\u00e4vs os\u00e4kerheten om huruvida det \u00e4r m\u00f6jligt att resa tillbaka till V\u00e4stbanken. Om Israel g\u00f6r det om\u00f6jligt f\u00f6r palestinier, och d\u00e4rmed f\u00f6r Ranin Odeh, att \u00e5terv\u00e4nda s\u00e5 \u00e4r det inte detsamma som att det skulle vara hennes avsikt att stanna. \u00a0<\/p>\n<p>Att Ranin nu nekats visum \u00e4r en f\u00f6r\u00e4ndring av praxis, vilket borde leda till en noggrann bed\u00f6mning. M\u00e5l i f\u00f6rvaltningsr\u00e4tten avg\u00f6rs vanligtvis av en juristdomare och tre n\u00e4mndem\u00e4n. Om ett m\u00e5l anses vara av s\u00e5 kallad enkel beskaffenhet kan det dock avg\u00f6ras av en ensam domare. I detta fall har en ensam fiskal (jurist under utbildning till domare) d\u00f6mt i m\u00e5let.\u00a0<\/p>\n<p>Konsulatets beslut och f\u00f6rvaltningsr\u00e4ttens dom \u00e4r tagna p\u00e5 juridisk grund men f\u00e5r politiska konsekvenser eftersom de medverkar till att begr\u00e4nsa den redan h\u00e5rt kontrollerade r\u00f6relse, och yttrandefriheten f\u00f6r palestinier p\u00e5 V\u00e4stbanken.\u00a0<\/p>\n<p>Domen hade kunnat bli en annan och \u00e4nd\u00e5 varit lagenlig. Genom att om\u00f6jligg\u00f6ra Ranin Odehs framtr\u00e4dande p\u00e5 Bokm\u00e4ssan medverkar Sverige inte bara i begr\u00e4nsandet av hennes r\u00f6relse- och yttrandefrihet utan hindrar ocks\u00e5 ett l\u00e5ngvarigt och fruktbart kulturutbyte mellan Sverige och Frihetsteatern.\u00a0<\/p>\n<p><strong>Av Annkatrin Meyerson<\/strong><\/p>\n<p>doktor i offentligr\u00e4tt<\/p>\n","protected":false},"excerpt":{"rendered":"Publicerad 27 sep 2025 kl 12.00 Den palestinska sk\u00e5despelaren Ranin Odeh har inte f\u00e5tt visum f\u00f6r att delta&hellip;\n","protected":false},"author":2,"featured_media":41076,"comment_status":"","ping_status":"","sticky":false,"template":"","format":"standard","meta":{"footnotes":""},"categories":[67],"tags":[104,4185,4061,34,31,33,32,30,105],"class_list":{"0":"post-41075","1":"post","2":"type-post","3":"status-publish","4":"format-standard","5":"has-post-thumbnail","7":"category-underhallning","8":"tag-entertainment","9":"tag-location-vastbanken","10":"tag-organization-bokmassan","11":"tag-se","12":"tag-svenska","13":"tag-sverige","14":"tag-sweden","15":"tag-swedish","16":"tag-underhallning"},"share_on_mastodon":{"url":"","error":""},"_links":{"self":[{"href":"https:\/\/www.europesays.com\/se\/wp-json\/wp\/v2\/posts\/41075","targetHints":{"allow":["GET"]}}],"collection":[{"href":"https:\/\/www.europesays.com\/se\/wp-json\/wp\/v2\/posts"}],"about":[{"href":"https:\/\/www.europesays.com\/se\/wp-json\/wp\/v2\/types\/post"}],"author":[{"embeddable":true,"href":"https:\/\/www.europesays.com\/se\/wp-json\/wp\/v2\/users\/2"}],"replies":[{"embeddable":true,"href":"https:\/\/www.europesays.com\/se\/wp-json\/wp\/v2\/comments?post=41075"}],"version-history":[{"count":0,"href":"https:\/\/www.europesays.com\/se\/wp-json\/wp\/v2\/posts\/41075\/revisions"}],"wp:featuredmedia":[{"embeddable":true,"href":"https:\/\/www.europesays.com\/se\/wp-json\/wp\/v2\/media\/41076"}],"wp:attachment":[{"href":"https:\/\/www.europesays.com\/se\/wp-json\/wp\/v2\/media?parent=41075"}],"wp:term":[{"taxonomy":"category","embeddable":true,"href":"https:\/\/www.europesays.com\/se\/wp-json\/wp\/v2\/categories?post=41075"},{"taxonomy":"post_tag","embeddable":true,"href":"https:\/\/www.europesays.com\/se\/wp-json\/wp\/v2\/tags?post=41075"}],"curies":[{"name":"wp","href":"https:\/\/api.w.org\/{rel}","templated":true}]}}