{"id":41082,"date":"2025-09-27T12:59:12","date_gmt":"2025-09-27T12:59:12","guid":{"rendered":"https:\/\/www.europesays.com\/se\/41082\/"},"modified":"2025-09-27T12:59:12","modified_gmt":"2025-09-27T12:59:12","slug":"arresteringsorder-mot-expresident-al-assad","status":"publish","type":"post","link":"https:\/\/www.europesays.com\/se\/41082\/","title":{"rendered":"Arresteringsorder mot expresident al-Assad"},"content":{"rendered":"<p>Syrien har utf\u00e4rdat en arresteringsordet mot den tidigare presidenten Bashar al-Assad, rapporterar TT. Det \u00f6ppnar f\u00f6r att al-Assad skulle kunna efterlysas internationellt via Interpol. <\/p>\n<p>Enligt Syriens statliga nyhetsbyr\u00e5 Sana inneh\u00e5ller arresteringsordern anklagelser om bland annat mord, tortyr med d\u00f6dlig utg\u00e5ng och frihetsber\u00f6vanden.<\/p>\n<p>I december st\u00f6rtades al-Assads regering av rebeller efter 13 \u00e5r av inb\u00f6rdeskrig. D\u00e4refter flydde han med sin familj till Ryssland.<\/p>\n<p>Omni \u00e4r politiskt obundna och oberoende. Vi str\u00e4var efter att ge fler perspektiv p\u00e5 nyheterna. Har du fr\u00e5gor eller synpunkter kring v\u00e5r rapportering? <a href=\"https:\/\/omni.se\/arresteringsorder-mot-expresident-al-assad\/a\/mailto:redaktion@omni.se\" class=\"ArticleActions_contactLink__W2F1M\" rel=\"nofollow noopener\" target=\"_blank\">Kontakta redaktionen<\/a><\/p>\n","protected":false},"excerpt":{"rendered":"Syrien har utf\u00e4rdat en arresteringsordet mot den tidigare presidenten Bashar al-Assad, rapporterar TT. Det \u00f6ppnar f\u00f6r att al-Assad&hellip;\n","protected":false},"author":2,"featured_media":41083,"comment_status":"","ping_status":"","sticky":false,"template":"","format":"standard","meta":{"footnotes":""},"categories":[5],"tags":[4250,22,23,26,27,17,21,24,25,28,29,124,15,16,18,34,31,33,32,30,4251,4252,19,20],"class_list":{"0":"post-41082","1":"post","2":"type-post","3":"status-publish","4":"format-standard","5":"has-post-thumbnail","7":"category-rubriker","8":"tag-bashar-al-assad","9":"tag-breaking-news","10":"tag-breakingnews","11":"tag-featured-news","12":"tag-featurednews","13":"tag-headlines","14":"tag-huvudnyheter","15":"tag-latest-news","16":"tag-latestnews","17":"tag-main-news","18":"tag-mainnews","19":"tag-mellanostern","20":"tag-news","21":"tag-nyheter","22":"tag-rubriker","23":"tag-se","24":"tag-svenska","25":"tag-sverige","26":"tag-sweden","27":"tag-swedish","28":"tag-syrien","29":"tag-syrienkriget","30":"tag-top-stories","31":"tag-topstories"},"share_on_mastodon":{"url":"","error":""},"_links":{"self":[{"href":"https:\/\/www.europesays.com\/se\/wp-json\/wp\/v2\/posts\/41082","targetHints":{"allow":["GET"]}}],"collection":[{"href":"https:\/\/www.europesays.com\/se\/wp-json\/wp\/v2\/posts"}],"about":[{"href":"https:\/\/www.europesays.com\/se\/wp-json\/wp\/v2\/types\/post"}],"author":[{"embeddable":true,"href":"https:\/\/www.europesays.com\/se\/wp-json\/wp\/v2\/users\/2"}],"replies":[{"embeddable":true,"href":"https:\/\/www.europesays.com\/se\/wp-json\/wp\/v2\/comments?post=41082"}],"version-history":[{"count":0,"href":"https:\/\/www.europesays.com\/se\/wp-json\/wp\/v2\/posts\/41082\/revisions"}],"wp:featuredmedia":[{"embeddable":true,"href":"https:\/\/www.europesays.com\/se\/wp-json\/wp\/v2\/media\/41083"}],"wp:attachment":[{"href":"https:\/\/www.europesays.com\/se\/wp-json\/wp\/v2\/media?parent=41082"}],"wp:term":[{"taxonomy":"category","embeddable":true,"href":"https:\/\/www.europesays.com\/se\/wp-json\/wp\/v2\/categories?post=41082"},{"taxonomy":"post_tag","embeddable":true,"href":"https:\/\/www.europesays.com\/se\/wp-json\/wp\/v2\/tags?post=41082"}],"curies":[{"name":"wp","href":"https:\/\/api.w.org\/{rel}","templated":true}]}}