{"id":41098,"date":"2025-09-27T13:23:21","date_gmt":"2025-09-27T13:23:21","guid":{"rendered":"https:\/\/www.europesays.com\/se\/41098\/"},"modified":"2025-09-27T13:23:21","modified_gmt":"2025-09-27T13:23:21","slug":"tror-inte-pa-roda-linjer","status":"publish","type":"post","link":"https:\/\/www.europesays.com\/se\/41098\/","title":{"rendered":"\u201dTror inte p\u00e5 r\u00f6da linjer\u201d"},"content":{"rendered":"<p>Inf\u00f6r eventuella regeringsf\u00f6rhandlingar efter valet ser inte V\u00e4nsterpartiets Nooshi Dadgostar att de har \u201dn\u00e5gra r\u00f6da linjer\u201d. Det s\u00e4ger hon i Ekots l\u00f6rdagsintervju. <\/p>\n<p>Den st\u00f6rsta skillnaden mellan V och Socialdemokraterna \u00e4r den ekonomiska politiken, menar Dadgostar, framf\u00f6r allt inom skola och v\u00e5rd. Men fr\u00e5gor om till exempel migrationspolitik \u201df\u00e5r de diskutera\u201d efter valet. <\/p>\n<p>\u2013 I ett samarbete beh\u00f6ver man ge och ta, s\u00e4ger Dadgostar till Ekot.<\/p>\n<p>Omni \u00e4r politiskt obundna och oberoende. Vi str\u00e4var efter att ge fler perspektiv p\u00e5 nyheterna. Har du fr\u00e5gor eller synpunkter kring v\u00e5r rapportering? <a href=\"https:\/\/omni.se\/dadgostar-om-styre-med-s-tror-inte-pa-roda-linjer\/a\/mailto:redaktion@omni.se\" class=\"ArticleActions_contactLink__W2F1M\" rel=\"nofollow noopener\" target=\"_blank\">Kontakta redaktionen<\/a><\/p>\n","protected":false},"excerpt":{"rendered":"Inf\u00f6r eventuella regeringsf\u00f6rhandlingar efter valet ser inte V\u00e4nsterpartiets Nooshi Dadgostar att de har \u201dn\u00e5gra r\u00f6da linjer\u201d. Det s\u00e4ger&hellip;\n","protected":false},"author":2,"featured_media":41099,"comment_status":"","ping_status":"","sticky":false,"template":"","format":"standard","meta":{"footnotes":""},"categories":[5],"tags":[22,23,807,26,27,17,21,24,25,28,29,1510,15,2895,16,369,18,34,1557,31,33,32,30,19,20,3416,1406],"class_list":{"0":"post-41098","1":"post","2":"type-post","3":"status-publish","4":"format-standard","5":"has-post-thumbnail","7":"category-rubriker","8":"tag-breaking-news","9":"tag-breakingnews","10":"tag-ekonomisk-politik","11":"tag-featured-news","12":"tag-featurednews","13":"tag-headlines","14":"tag-huvudnyheter","15":"tag-latest-news","16":"tag-latestnews","17":"tag-main-news","18":"tag-mainnews","19":"tag-migrationspolitik","20":"tag-news","21":"tag-nooshi-dadgostar","22":"tag-nyheter","23":"tag-politik","24":"tag-rubriker","25":"tag-se","26":"tag-socialdemokraterna","27":"tag-svenska","28":"tag-sverige","29":"tag-sweden","30":"tag-swedish","31":"tag-top-stories","32":"tag-topstories","33":"tag-valet-2026","34":"tag-vansterpartiet"},"share_on_mastodon":{"url":"","error":""},"_links":{"self":[{"href":"https:\/\/www.europesays.com\/se\/wp-json\/wp\/v2\/posts\/41098","targetHints":{"allow":["GET"]}}],"collection":[{"href":"https:\/\/www.europesays.com\/se\/wp-json\/wp\/v2\/posts"}],"about":[{"href":"https:\/\/www.europesays.com\/se\/wp-json\/wp\/v2\/types\/post"}],"author":[{"embeddable":true,"href":"https:\/\/www.europesays.com\/se\/wp-json\/wp\/v2\/users\/2"}],"replies":[{"embeddable":true,"href":"https:\/\/www.europesays.com\/se\/wp-json\/wp\/v2\/comments?post=41098"}],"version-history":[{"count":0,"href":"https:\/\/www.europesays.com\/se\/wp-json\/wp\/v2\/posts\/41098\/revisions"}],"wp:featuredmedia":[{"embeddable":true,"href":"https:\/\/www.europesays.com\/se\/wp-json\/wp\/v2\/media\/41099"}],"wp:attachment":[{"href":"https:\/\/www.europesays.com\/se\/wp-json\/wp\/v2\/media?parent=41098"}],"wp:term":[{"taxonomy":"category","embeddable":true,"href":"https:\/\/www.europesays.com\/se\/wp-json\/wp\/v2\/categories?post=41098"},{"taxonomy":"post_tag","embeddable":true,"href":"https:\/\/www.europesays.com\/se\/wp-json\/wp\/v2\/tags?post=41098"}],"curies":[{"name":"wp","href":"https:\/\/api.w.org\/{rel}","templated":true}]}}