{"id":41106,"date":"2025-09-27T13:32:11","date_gmt":"2025-09-27T13:32:11","guid":{"rendered":"https:\/\/www.europesays.com\/se\/41106\/"},"modified":"2025-09-27T13:32:11","modified_gmt":"2025-09-27T13:32:11","slug":"man-som-dog-under-polisovning-var-med-i-hemvarnet","status":"publish","type":"post","link":"https:\/\/www.europesays.com\/se\/41106\/","title":{"rendered":"Man som dog under polis\u00f6vning var med i hemv\u00e4rnet"},"content":{"rendered":"<p>Publicerad 27 sep 2025 kl 14.06Uppdaterad kl 15.31<\/p>\n<p>Den man i 55-\u00e5rs\u00e5ldern som dog under en polis\u00f6vning i Motala var soldat i hemv\u00e4rnet.<\/p>\n<p>Det skriver hemv\u00e4rnet i ett uttalande.\u00a0<\/p>\n<p>\u201dStridskraften hemv\u00e4rnet beklagar det djupaste d\u00e5 vi f\u00f6rlorat en v\u00e4n och kollega,\u201d skriver man.\u00a0<\/p>\n<p>Nyheter, reportage och analyser i Sverige och i \u00f6vriga v\u00e4rlden.<img   alt=\"\"\/><\/p>\n<p>Polisens \u00f6vning genomf\u00f6rdes p\u00e5 Markstridsskolan i Kvarn.<\/p>\n<p>Foto: STEFAN LINDGREN \/ STEFAN LINDGREN<\/p>\n<p>\u00d6ppna bild i helsk\u00e4rm<\/p>\n<p>Mannen var hemv\u00e4rnssoldat men var inte aktiv som hemv\u00e4rnssoldat under polisens \u00f6vning.<\/p>\n<p>\u2013 Det h\u00e4r \u00e4r en person som har varit p\u00e5 plats som har varit engagerad i hemv\u00e4rnet, men han har inte varit d\u00e4r i sin roll som hemv\u00e4rnsperson, s\u00e4ger <a href=\"https:\/\/www.expressen.se\/tagg\/organization\/forsvarsmakten\/\" class=\"\" rel=\"nofollow noopener\" target=\"_blank\">F\u00f6rsvarsmaktens<\/a> presstalesperson Mikael \u00c5gren. \u00a0<\/p>\n<p>Olyckan intr\u00e4ffade i torsdags n\u00e4r polisen sl\u00e4ngde in en distraktionsgranat som briserade, enligt Expressens uppgifter. Mannen, som var figurant i \u00f6vningen, skadades allvarligt och avled senare p\u00e5 kv\u00e4llen av sina skador.\u00a0<\/p>\n<p>Mycket \u00e4r fortfarande ok\u00e4nt kring \u00f6vningen. Den leddes av polisregion Stockholm, men poliser fr\u00e5n flera regioner deltog i \u00f6vningen som gick under namnet \u201dAthena\u201d.<\/p>\n<p>P\u00e5 fredagen sa chefs\u00e5klagare Joakim Zander, som ocks\u00e5 \u00e4r f\u00f6runders\u00f6kningsledare, att man utreder v\u00e5llande till annans d\u00f6d men att ingen \u00e4r misst\u00e4nkt f\u00f6r brott.\u00a0<\/p>\n<p>Anl\u00e4ggningen d\u00e4r \u00f6vningen h\u00f6lls \u00e4gs av F\u00f6rsvarsmakten.\u00a0<\/p>\n<p><strong>L\u00c4S MER: <\/strong><a href=\"https:\/\/www.expressen.se\/nyheter\/sverige\/uppgifter-explosion-vid-polisovningen-en-man-dog\/\" class=\"\" rel=\"nofollow noopener\" target=\"_blank\">Uppgifter: Chockgranat exploderade vid polis\u00f6vningen \u2013 man dog<\/a><\/p>\n","protected":false},"excerpt":{"rendered":"Publicerad 27 sep 2025 kl 14.06Uppdaterad kl 15.31 Den man i 55-\u00e5rs\u00e5ldern som dog under en polis\u00f6vning i&hellip;\n","protected":false},"author":2,"featured_media":41107,"comment_status":"","ping_status":"","sticky":false,"template":"","format":"standard","meta":{"footnotes":""},"categories":[5],"tags":[22,23,26,27,17,21,24,25,3769,28,29,15,16,48,1031,18,34,154,31,33,32,30,19,427,20],"class_list":{"0":"post-41106","1":"post","2":"type-post","3":"status-publish","4":"format-standard","5":"has-post-thumbnail","7":"category-rubriker","8":"tag-breaking-news","9":"tag-breakingnews","10":"tag-featured-news","11":"tag-featurednews","12":"tag-headlines","13":"tag-huvudnyheter","14":"tag-latest-news","15":"tag-latestnews","16":"tag-location-motala","17":"tag-main-news","18":"tag-mainnews","19":"tag-news","20":"tag-nyheter","21":"tag-organization-forsvarsmakten","22":"tag-organization-polismyndigheten","23":"tag-rubriker","24":"tag-se","25":"tag-sections-sverige","26":"tag-svenska","27":"tag-sverige","28":"tag-sweden","29":"tag-swedish","30":"tag-top-stories","31":"tag-topic-dodsfall","32":"tag-topstories"},"share_on_mastodon":{"url":"","error":""},"_links":{"self":[{"href":"https:\/\/www.europesays.com\/se\/wp-json\/wp\/v2\/posts\/41106","targetHints":{"allow":["GET"]}}],"collection":[{"href":"https:\/\/www.europesays.com\/se\/wp-json\/wp\/v2\/posts"}],"about":[{"href":"https:\/\/www.europesays.com\/se\/wp-json\/wp\/v2\/types\/post"}],"author":[{"embeddable":true,"href":"https:\/\/www.europesays.com\/se\/wp-json\/wp\/v2\/users\/2"}],"replies":[{"embeddable":true,"href":"https:\/\/www.europesays.com\/se\/wp-json\/wp\/v2\/comments?post=41106"}],"version-history":[{"count":0,"href":"https:\/\/www.europesays.com\/se\/wp-json\/wp\/v2\/posts\/41106\/revisions"}],"wp:featuredmedia":[{"embeddable":true,"href":"https:\/\/www.europesays.com\/se\/wp-json\/wp\/v2\/media\/41107"}],"wp:attachment":[{"href":"https:\/\/www.europesays.com\/se\/wp-json\/wp\/v2\/media?parent=41106"}],"wp:term":[{"taxonomy":"category","embeddable":true,"href":"https:\/\/www.europesays.com\/se\/wp-json\/wp\/v2\/categories?post=41106"},{"taxonomy":"post_tag","embeddable":true,"href":"https:\/\/www.europesays.com\/se\/wp-json\/wp\/v2\/tags?post=41106"}],"curies":[{"name":"wp","href":"https:\/\/api.w.org\/{rel}","templated":true}]}}