{"id":41168,"date":"2025-09-27T15:28:07","date_gmt":"2025-09-27T15:28:07","guid":{"rendered":"https:\/\/www.europesays.com\/se\/41168\/"},"modified":"2025-09-27T15:28:07","modified_gmt":"2025-09-27T15:28:07","slug":"ingen-verkar-vilja-ligga-pa-bokmassan","status":"publish","type":"post","link":"https:\/\/www.europesays.com\/se\/41168\/","title":{"rendered":"Ingen verkar vilja ligga p\u00e5 Bokm\u00e4ssan"},"content":{"rendered":"<p>Ingen verkar s\u00e4rskilt glad \u00f6ver att bes\u00f6ka bokm\u00e4ssan n\u00e4r kultursidornas kr\u00f6nik\u00f6rer skildrar sina upplevelser. <\/p>\n<p>\u201dDet \u00e4r tr\u00e5ngt och varmt, lika romantiskt som Ullared,\u201d skriver SvD:s Andreas H\u00f6rmark. \u00c5rets tema \u00e4r \u201dlust och k\u00e4rlek\u201d, men enligt H\u00f6rmark pratar m\u00e4ssbes\u00f6karna mest om den s\u00e5 kallade performativa mannen \u2013 en kille som bara l\u00e4ser b\u00f6cker f\u00f6r att f\u00e5 ligga. <\/p>\n<p>DN:s Sebastian Nowacki skriver att han hela uppv\u00e4xten f\u00e5tt h\u00f6ra om hur det raggas och liggs p\u00e5 m\u00e4ssan, men ser inte heller n\u00e5gra sp\u00e5r av det.<\/p>\n<p>\u201dBokm\u00e4ssan \u00e4r en amor\u00f6s \u00f6ken och inga gratisdrinkar i v\u00e4rlden verkar v\u00e4cka bes\u00f6karnas lust\u201d, sammanfattar han. <\/p>\n<p>Inte heller de kr\u00f6nik\u00f6rer som har hemmaplan p\u00e5 Svenska M\u00e4ssan i G\u00f6teborg verkar speciellt entusiastiska. <\/p>\n<p>\u201dAtt bes\u00f6ka bokm\u00e4ssan \u00e4r lite som att g\u00e5 p\u00e5 Way out West. Du vet vad du f\u00e5r och det \u00e4r precis samma som f\u00f6rra \u00e5ret. Och \u00e5ret innan dess\u201d, skriver GP:s Klara Grape redan i inledningen av sin text. <\/p>\n<p>Omni \u00e4r politiskt obundna och oberoende. Vi str\u00e4var efter att ge fler perspektiv p\u00e5 nyheterna. Har du fr\u00e5gor eller synpunkter kring v\u00e5r rapportering? <a href=\"https:\/\/omni.se\/kronikor-ingen-verkar-vilja-ligga-pa-bokmassan\/a\/mailto:redaktion@omni.se\" class=\"ArticleActions_contactLink__W2F1M\" rel=\"nofollow noopener\" target=\"_blank\">Kontakta redaktionen<\/a><\/p>\n","protected":false},"excerpt":{"rendered":"Ingen verkar s\u00e4rskilt glad \u00f6ver att bes\u00f6ka bokm\u00e4ssan n\u00e4r kultursidornas kr\u00f6nik\u00f6rer skildrar sina upplevelser. \u201dDet \u00e4r tr\u00e5ngt och&hellip;\n","protected":false},"author":2,"featured_media":41169,"comment_status":"","ping_status":"","sticky":false,"template":"","format":"standard","meta":{"footnotes":""},"categories":[67],"tags":[4217,104,1082,34,31,33,32,30,105],"class_list":{"0":"post-41168","1":"post","2":"type-post","3":"status-publish","4":"format-standard","5":"has-post-thumbnail","7":"category-underhallning","8":"tag-bokmassan","9":"tag-entertainment","10":"tag-litteratur","11":"tag-se","12":"tag-svenska","13":"tag-sverige","14":"tag-sweden","15":"tag-swedish","16":"tag-underhallning"},"share_on_mastodon":{"url":"","error":""},"_links":{"self":[{"href":"https:\/\/www.europesays.com\/se\/wp-json\/wp\/v2\/posts\/41168","targetHints":{"allow":["GET"]}}],"collection":[{"href":"https:\/\/www.europesays.com\/se\/wp-json\/wp\/v2\/posts"}],"about":[{"href":"https:\/\/www.europesays.com\/se\/wp-json\/wp\/v2\/types\/post"}],"author":[{"embeddable":true,"href":"https:\/\/www.europesays.com\/se\/wp-json\/wp\/v2\/users\/2"}],"replies":[{"embeddable":true,"href":"https:\/\/www.europesays.com\/se\/wp-json\/wp\/v2\/comments?post=41168"}],"version-history":[{"count":0,"href":"https:\/\/www.europesays.com\/se\/wp-json\/wp\/v2\/posts\/41168\/revisions"}],"wp:featuredmedia":[{"embeddable":true,"href":"https:\/\/www.europesays.com\/se\/wp-json\/wp\/v2\/media\/41169"}],"wp:attachment":[{"href":"https:\/\/www.europesays.com\/se\/wp-json\/wp\/v2\/media?parent=41168"}],"wp:term":[{"taxonomy":"category","embeddable":true,"href":"https:\/\/www.europesays.com\/se\/wp-json\/wp\/v2\/categories?post=41168"},{"taxonomy":"post_tag","embeddable":true,"href":"https:\/\/www.europesays.com\/se\/wp-json\/wp\/v2\/tags?post=41168"}],"curies":[{"name":"wp","href":"https:\/\/api.w.org\/{rel}","templated":true}]}}