{"id":41184,"date":"2025-09-27T15:49:08","date_gmt":"2025-09-27T15:49:08","guid":{"rendered":"https:\/\/www.europesays.com\/se\/41184\/"},"modified":"2025-09-27T15:49:08","modified_gmt":"2025-09-27T15:49:08","slug":"lars-kepler-vinner-bookbeats-deckarpris-for-arets-svenska-deckarforfattare-2025","status":"publish","type":"post","link":"https:\/\/www.europesays.com\/se\/41184\/","title":{"rendered":"Lars Kepler vinner BookBeats deckarpris f\u00f6r \u00c5rets svenska deckarf\u00f6rfattare 2025"},"content":{"rendered":"<p><strong>F\u00f6r sjunde \u00e5ret i rad delade BookBeat under eftermiddagen ut sina deckarpriser vid Bokm\u00e4ssan i G\u00f6teborg. Det prestigefyllda priset f\u00f6r \u00c5rets svenska deckarf\u00f6rfattare 2025 gick till Lars Kepler. Priset f\u00f6r \u00c5rets svenska deckare 2025 tilldelades Katarina Wennstams \u201cD\u00f6d mans kvinna\u201d och priset f\u00f6r \u00c5rets svenska deckarr\u00f6st 2025 gick till Jonas Malmsj\u00f6. Samtliga priser \u00e4r datadrivna och baseras helt p\u00e5 en sammanv\u00e4gning av popularitet, genomlyssning och betyg fr\u00e5n BookBeats n\u00e4rmare 300 000 svenska lyssnare.<\/strong><\/p>\n<p>Det \u00e4r tredje g\u00e5ngen Alexandra och Alexander Ahndoril, som skriver under pseudonymen Lars Kepler, tar emot BookBeats pris f\u00f6r \u00c5rets svenska deckarf\u00f6rfattare. F\u00f6rfattarskapet vinner f\u00f6r de tre senaste b\u00f6ckerna i den hyllade bokserien om Joona Linna, d\u00e4r den senaste boken \u201cS\u00f6mng\u00e5ngaren\u201d sl\u00e4pptes i september 2024.<\/p>\n<p>\u2013 F\u00e5 f\u00f6rfattarskap trollbinder sina lyssnare som Lars Kepler, och v\u00e5r data visar tydligt att det har g\u00e5tt som t\u00e5get hos v\u00e5ra svenska anv\u00e4ndare under det senaste \u00e5ret. Serien om Joona Linna \u00e4r en av de mest popul\u00e4ra deckarserierna genom tiderna i Sverige. D\u00e4rf\u00f6r k\u00e4nns det otroligt kul att f\u00e5 tilldela Kepler det h\u00e4r fina priset, som verkligen p\u00e5 riktigt speglar vad lyssnarna tycker, s\u00e4ger Emelie Hollbox, Senior Book Performance Specialist p\u00e5 BookBeat i Sverige.<\/p>\n<p>\u2013 Vi \u00e4r glada och r\u00f6rda \u2013 och tycker att BookBeats pris \u00e4r extra v\u00e4rdefullt eftersom det handlar om vad v\u00e5ra lyssnare och l\u00e4sare har upplevt via v\u00e5ra b\u00f6cker. Tusen tack! s\u00e4ger Alexandra och Alexander Ahndoril.<\/p>\n<p>Priset till \u00c5rets svenska deckare 2025 gick till \u201cD\u00f6d mans kvinna\u201d av Katarina Wennstam. Boken \u00e4r den deckare som givits ut och presterat allra b\u00e4st hos BookBeat under de senaste 12 m\u00e5naderna. Wennstam vann \u00e4ven samma pris 2024, d\u00e5 f\u00f6r boken \u201cD\u00f6da kvinnor f\u00f6rl\u00e5ter inte\u201d.<\/p>\n<p>\u2013 Det \u00e4r en fantastisk prestation av Katarina Wennstam att lyckas vinna det h\u00e4r priset f\u00f6r andra \u00e5ret i rad. Hennes serie Sekelskiftesmorden har \u00e4n s\u00e5 l\u00e4nge bara kommit ut i tv\u00e5 delar, vilket inneb\u00e4r att hon allts\u00e5 har vunnit priset f\u00f6r \u00c5rets svenska deckare f\u00f6r b\u00e5da delarna. Imponerande! s\u00e4ger Emelie Hollbox.<\/p>\n<p>\u2013 Jag \u00e4r alldeles \u00f6verv\u00e4ldigad och s\u00e5 tacksam f\u00f6r priset och f\u00f6r det fantastiska mottagande som Sekelskiftesmorden har f\u00e5tt hos lyssnare och l\u00e4sare. Jag tror verkligen att vi har mycket att l\u00e4ra av historien och jag lovar att det kommer mera mordg\u00e5tor i sekelskiftets Stockholm, s\u00e4ger Katarina Wennstam.<\/p>\n<p>\u00c5rets svenska deckarr\u00f6st 2025 tilldelades Jonas Malmsj\u00f6, som vann priset f\u00f6r tredje \u00e5ret i rad.<\/p>\n<p>\u2013 Att Jonas Malmsj\u00f6 vinner priset f\u00f6r \u00c5rets deckarr\u00f6st f\u00f6r tredje \u00e5ret i rad \u00e4r en fantastisk prestation. V\u00e5ra lyssnare \u00e4lskar verkligen de b\u00f6cker han l\u00e4ser in, och han b\u00e5de f\u00f6rh\u00f6jer b\u00f6ckerna och tillf\u00f6r dem s\u00e5 mycket sp\u00e4nning i det h\u00e4r formatet, s\u00e4ger Emelie Hollbox.<\/p>\n<p>\u2013 Tror inte ens min mamma har gett mig s\u00e5 mycket bekr\u00e4ftelse i livet som BookBeat. Jag \u00e4r s\u00e5 stolt, s\u00e5 lycklig och s\u00e5 oerh\u00f6rt tacksam, s\u00e4ger Jonas Malmsj\u00f6.<\/p>\n<p>BookBeats svenska deckarpriser delas ut i samarbete med deckarfestivalen Crimetime vid Bokm\u00e4ssan i G\u00f6teborg. Totalt har miljontals timmar av lyssning fr\u00e5n BookBeats n\u00e4rmare 300 000 svenska anv\u00e4ndare sammanst\u00e4llts. Vinnarna tog hem sina priser i h\u00e5rd konkurrens med ytterligare fem nominerade i varje kategori.<\/p>\n<p>Bed\u00f6mningskriterier:<br \/>&#8211; \u00c5rets svenska deckarf\u00f6rfattare ska ha sl\u00e4ppt minst tre deckare, varav en under de senaste tolv m\u00e5naderna (september 2024 till augusti 2025).<br \/>&#8211; \u00c5rets svenska deckare m\u00e4ts p\u00e5 den senaste sl\u00e4ppta boken av ett f\u00f6rfattarskap under de senaste tolv m\u00e5naderna (september 2024 till augusti 2025).<br \/>&#8211; \u00c5rets svenska deckarr\u00f6st ska ha varit aktuell med minst en inl\u00e4sning av en ny deckare som sl\u00e4ppts under de senaste tolv m\u00e5naderna (september 2024 till augusti 2025).<\/p>\n","protected":false},"excerpt":{"rendered":"F\u00f6r sjunde \u00e5ret i rad delade BookBeat under eftermiddagen ut sina deckarpriser vid Bokm\u00e4ssan i G\u00f6teborg. Det prestigefyllda&hellip;\n","protected":false},"author":2,"featured_media":41185,"comment_status":"","ping_status":"","sticky":false,"template":"","format":"standard","meta":{"footnotes":""},"categories":[5],"tags":[3691,4257,4258,4259,22,23,4261,26,27,17,21,24,25,4260,4262,28,29,15,16,18,34,31,33,32,30,19,20],"class_list":{"0":"post-41184","1":"post","2":"type-post","3":"status-publish","4":"format-standard","5":"has-post-thumbnail","7":"category-rubriker","8":"tag-bocker","9":"tag-bonnier","10":"tag-bonnierbooks","11":"tag-bookbeat","12":"tag-breaking-news","13":"tag-breakingnews","14":"tag-crimetime","15":"tag-featured-news","16":"tag-featurednews","17":"tag-headlines","18":"tag-huvudnyheter","19":"tag-latest-news","20":"tag-latestnews","21":"tag-ljudbocker","22":"tag-ljudbok","23":"tag-main-news","24":"tag-mainnews","25":"tag-news","26":"tag-nyheter","27":"tag-rubriker","28":"tag-se","29":"tag-svenska","30":"tag-sverige","31":"tag-sweden","32":"tag-swedish","33":"tag-top-stories","34":"tag-topstories"},"share_on_mastodon":{"url":"","error":""},"_links":{"self":[{"href":"https:\/\/www.europesays.com\/se\/wp-json\/wp\/v2\/posts\/41184","targetHints":{"allow":["GET"]}}],"collection":[{"href":"https:\/\/www.europesays.com\/se\/wp-json\/wp\/v2\/posts"}],"about":[{"href":"https:\/\/www.europesays.com\/se\/wp-json\/wp\/v2\/types\/post"}],"author":[{"embeddable":true,"href":"https:\/\/www.europesays.com\/se\/wp-json\/wp\/v2\/users\/2"}],"replies":[{"embeddable":true,"href":"https:\/\/www.europesays.com\/se\/wp-json\/wp\/v2\/comments?post=41184"}],"version-history":[{"count":0,"href":"https:\/\/www.europesays.com\/se\/wp-json\/wp\/v2\/posts\/41184\/revisions"}],"wp:featuredmedia":[{"embeddable":true,"href":"https:\/\/www.europesays.com\/se\/wp-json\/wp\/v2\/media\/41185"}],"wp:attachment":[{"href":"https:\/\/www.europesays.com\/se\/wp-json\/wp\/v2\/media?parent=41184"}],"wp:term":[{"taxonomy":"category","embeddable":true,"href":"https:\/\/www.europesays.com\/se\/wp-json\/wp\/v2\/categories?post=41184"},{"taxonomy":"post_tag","embeddable":true,"href":"https:\/\/www.europesays.com\/se\/wp-json\/wp\/v2\/tags?post=41184"}],"curies":[{"name":"wp","href":"https:\/\/api.w.org\/{rel}","templated":true}]}}