{"id":41188,"date":"2025-09-27T15:57:08","date_gmt":"2025-09-27T15:57:08","guid":{"rendered":"https:\/\/www.europesays.com\/se\/41188\/"},"modified":"2025-09-27T15:57:08","modified_gmt":"2025-09-27T15:57:08","slug":"om-skiten-fortsatter-ar-det-vart-fel","status":"publish","type":"post","link":"https:\/\/www.europesays.com\/se\/41188\/","title":{"rendered":"\u201dOm skiten forts\u00e4tter \u00e4r det v\u00e5rt fel\u201d"},"content":{"rendered":"<p>Det r\u00e5der delade meningar bland MFF-spelarna om beslutet att sparka tr\u00e4naren Henrik Rydstr\u00f6m, rapporterar flera medier.<\/p>\n<p>Lagkaptenen Anders Christiansen s\u00e4ger att om han hade f\u00e5tt best\u00e4mma s\u00e5 hade Rydstr\u00f6m blivit kvar. Vikarierande kaptenen Pontus Jansson s\u00e4ger tv\u00e4rtom att han \u201dbackar Malm\u00f6s beslut till hundra procent\u201d.<\/p>\n<p>B\u00e5da s\u00e4ger sig dock vara ledsna \u00f6ver att se tr\u00e4naren som bland annat tog dem till tv\u00e5 Allsvenska guld g\u00e5.<\/p>\n<p>Christiansen tycks dessutom vara en smula orolig f\u00f6r framtiden. <\/p>\n<p>\u2013 Nu kan man s\u00e4ga att det inte finns fler urs\u00e4kter. Nu har tr\u00e4naren l\u00e4mnat s\u00e5 om skiten forts\u00e4tter, \u00e4r det v\u00e5rt fel, s\u00e4ger Christiansen enligt Aftonbladet. <\/p>\n<p>Omni \u00e4r politiskt obundna och oberoende. Vi str\u00e4var efter att ge fler perspektiv p\u00e5 nyheterna. Har du fr\u00e5gor eller synpunkter kring v\u00e5r rapportering? <a href=\"https:\/\/omni.se\/kaptenens-oro-efter-rydstroms-sorti-om-skiten-fortsatter-ar-det-vart-fel\/a\/mailto:redaktion@omni.se\" class=\"ArticleActions_contactLink__W2F1M\" rel=\"nofollow noopener\" target=\"_blank\">Kontakta redaktionen<\/a><\/p>\n","protected":false},"excerpt":{"rendered":"Det r\u00e5der delade meningar bland MFF-spelarna om beslutet att sparka tr\u00e4naren Henrik Rydstr\u00f6m, rapporterar flera medier. Lagkaptenen Anders&hellip;\n","protected":false},"author":2,"featured_media":41189,"comment_status":"","ping_status":"","sticky":false,"template":"","format":"standard","meta":{"footnotes":""},"categories":[5],"tags":[4264,22,23,26,27,138,17,4263,21,24,25,28,29,557,15,16,4085,18,34,31,33,32,30,19,20],"class_list":{"0":"post-41188","1":"post","2":"type-post","3":"status-publish","4":"format-standard","5":"has-post-thumbnail","7":"category-rubriker","8":"tag-anders-christiansen","9":"tag-breaking-news","10":"tag-breakingnews","11":"tag-featured-news","12":"tag-featurednews","13":"tag-fotboll","14":"tag-headlines","15":"tag-henrik-rydstrom","16":"tag-huvudnyheter","17":"tag-latest-news","18":"tag-latestnews","19":"tag-main-news","20":"tag-mainnews","21":"tag-malmo-ff","22":"tag-news","23":"tag-nyheter","24":"tag-pontus-jansson","25":"tag-rubriker","26":"tag-se","27":"tag-svenska","28":"tag-sverige","29":"tag-sweden","30":"tag-swedish","31":"tag-top-stories","32":"tag-topstories"},"share_on_mastodon":{"url":"","error":""},"_links":{"self":[{"href":"https:\/\/www.europesays.com\/se\/wp-json\/wp\/v2\/posts\/41188","targetHints":{"allow":["GET"]}}],"collection":[{"href":"https:\/\/www.europesays.com\/se\/wp-json\/wp\/v2\/posts"}],"about":[{"href":"https:\/\/www.europesays.com\/se\/wp-json\/wp\/v2\/types\/post"}],"author":[{"embeddable":true,"href":"https:\/\/www.europesays.com\/se\/wp-json\/wp\/v2\/users\/2"}],"replies":[{"embeddable":true,"href":"https:\/\/www.europesays.com\/se\/wp-json\/wp\/v2\/comments?post=41188"}],"version-history":[{"count":0,"href":"https:\/\/www.europesays.com\/se\/wp-json\/wp\/v2\/posts\/41188\/revisions"}],"wp:featuredmedia":[{"embeddable":true,"href":"https:\/\/www.europesays.com\/se\/wp-json\/wp\/v2\/media\/41189"}],"wp:attachment":[{"href":"https:\/\/www.europesays.com\/se\/wp-json\/wp\/v2\/media?parent=41188"}],"wp:term":[{"taxonomy":"category","embeddable":true,"href":"https:\/\/www.europesays.com\/se\/wp-json\/wp\/v2\/categories?post=41188"},{"taxonomy":"post_tag","embeddable":true,"href":"https:\/\/www.europesays.com\/se\/wp-json\/wp\/v2\/tags?post=41188"}],"curies":[{"name":"wp","href":"https:\/\/api.w.org\/{rel}","templated":true}]}}