{"id":41413,"date":"2025-09-28T01:30:18","date_gmt":"2025-09-28T01:30:18","guid":{"rendered":"https:\/\/www.europesays.com\/se\/41413\/"},"modified":"2025-09-28T01:30:18","modified_gmt":"2025-09-28T01:30:18","slug":"valet-i-moldavien-kan-paverka-hela-europa-utrikes","status":"publish","type":"post","link":"https:\/\/www.europesays.com\/se\/41413\/","title":{"rendered":"Valet i Moldavien kan p\u00e5verka hela Europa | Utrikes"},"content":{"rendered":"<p class=\"aw-1gybjub aw-1p7kakr cmIuaG fmSRng yle__article__paragraph\">F\u00f6rhoppningar om ett n\u00e4rmare samarbete med EU varvas med rysk desinformation och p\u00e5tryckningar inf\u00f6r s\u00f6ndagens parlamentsval i Moldavien, d\u00e4r den sittande EU-v\u00e4nliga regeringen k\u00e4mpar om f\u00f6rnyat f\u00f6rtroende.<\/p>\n<p class=\"aw-1gybjub aw-1p7kakr cmIuaG fmSRng yle__article__paragraph\">Landet har i flera \u00e5r befunnit sig i skarven mellan \u00f6st och v\u00e4st med det styrande partiet Handling och solidaritet (PAS) och president <strong class=\"aw-ak79eh KyCXm yle__article__strong\">Maia Sandu<\/strong> som drivit p\u00e5 n\u00e4rmare relationer med EU, omfattande r\u00e4ttsliga reformer och kampen mot korruption.<\/p>\n<p class=\"aw-1gybjub aw-1p7kakr cmIuaG fmSRng yle__article__paragraph\">Mot dem st\u00e5r det proryska Patriotiska blocket och en rad populistiska missn\u00f6jespartier, som lockar v\u00e4ljare med l\u00f6ften om stabilitet, l\u00e4gre priser och kritik mot v\u00e4stliga v\u00e4rderingar.<\/p>\n<p><img decoding=\"async\" alt=\"Tv\u00e5 personer vid ett valkampanjt\u00e4lt delar ut reklam till en person.\" src=\"https:\/\/www.europesays.com\/se\/wp-content\/uploads\/2025\/09\/39-152675268d0da1eacdf2.jpeg\" loading=\"lazy\" class=\"aw-1l9m598 hKVVvP\"\/><\/p>\n<p>\u00d6ppna bildvisare<\/p>\n<p>Frivilliga fr\u00e5n Patriotiska valblocket delar ut valreklamtill f\u00f6rbipasserande i Chi\u0219in\u0103u. Parlamentsvalet h\u00e5lls p\u00e5 s\u00f6ndag. Bild: Dumitru Doru \/ EPA<\/p>\n<p class=\"aw-1gybjub aw-1p7kakr cmIuaG fmSRng yle__article__paragraph\">Samtidigt pr\u00e4glas vardagen f\u00f6r m\u00e5nga moldaver av ekonomisk os\u00e4kerhet, skenande priser och utbredd misstro mot b\u00e5de politiker och institutioner.<\/p>\n<p class=\"aw-1gybjub aw-1p7kakr cmIuaG fmSRng yle__article__paragraph\">Ryssland, som l\u00e4nge haft starkt inflytande i landet, har inf\u00f6r valet intensifierat sina f\u00f6rs\u00f6k att p\u00e5verka utfallet genom bland annat desinformation och ekonomiska p\u00e5tryckningar.<\/p>\n<p class=\"aw-1gybjub aw-1p7kakr cmIuaG fmSRng yle__article__paragraph\">Forskaren <strong class=\"aw-ak79eh KyCXm yle__article__strong\">Amy Eaglestone<\/strong> vid Leidens universitet i Nederl\u00e4nderna menar att valet \u00e4r avg\u00f6rande f\u00f6r Moldaviens framtid.<\/p>\n<p class=\"aw-1gybjub aw-1p7kakr cmIuaG fmSRng yle__article__paragraph\">\u2013 Det handlar om landets demokrati och europeiska framtid, s\u00e4ger Eaglestone till Svenska Yle.<\/p>\n<p>Balansg\u00e5ng mellan \u00f6st och v\u00e4st<\/p>\n<p class=\"aw-1gybjub aw-1p7kakr cmIuaG fmSRng yle__article__paragraph\">Som granne till krigf\u00f6rande Ukraina och EU-landet Rum\u00e4nien befinner sig Moldavien i br\u00e4nnpunkten f\u00f6r de geopolitiska mots\u00e4ttningarna mellan \u00f6st och v\u00e4st.<\/p>\n<p class=\"aw-1gybjub aw-1p7kakr cmIuaG fmSRng yle__article__paragraph\">Enligt forskaren Amy Eaglestone kan parlamentsvalet f\u00e5 \u00e5terverkningar l\u00e5ngt utanf\u00f6r landets gr\u00e4nser.<\/p>\n<p class=\"aw-1gybjub aw-1p7kakr cmIuaG fmSRng yle__article__paragraph\">\u2013 Antingen forts\u00e4tter landet p\u00e5 den europeiska bana som den sittande regeringen st\u00e5tt f\u00f6r, eller s\u00e5 f\u00e5r de proryska krafterna \u00f6kat inflytande med n\u00e4rmare relationer till Ryssland, s\u00e4ger Eaglestone.<\/p>\n<p class=\"aw-1gybjub aw-1p7kakr cmIuaG fmSRng yle__article__paragraph\">De geopolitiska sp\u00e4nningarna tar sig \u00e4ven uttryck i den moldaviska inrikespolitiken d\u00e4r EU-v\u00e4nliga partier k\u00e4mpar om inflytande med proryska krafter som f\u00f6redrar en neutral h\u00e5llning till EU och t\u00e4tare band med Ryssland.<\/p>\n<p><img decoding=\"async\" alt=\"Forskaren Eaglehouse.\" src=\"https:\/\/www.europesays.com\/se\/wp-content\/uploads\/2025\/09\/39-152936968d6f78a64a82.jpeg\" loading=\"lazy\" class=\"aw-1l9m598 hKVVvP\"\/><\/p>\n<p>\u00d6ppna bildvisare<\/p>\n<p>Amy Eaglestone \u00e4r doktorand vid universitetet i Birmingham och g\u00e4stf\u00f6rel\u00e4sare vid Institutet f\u00f6r statsvetenskap i Leiden. Hon forskar om demokratisering i \u00d6steuropa, s\u00e4rskilt Moldavien och Georgien. Bild: Rikhard Husu \/ Yle<\/p>\n<p class=\"aw-1gybjub aw-1p7kakr cmIuaG fmSRng yle__article__paragraph\">Splittring \u00e5terspeglas inte enbart i politiken utan ocks\u00e5 bredare hos den moldaviska befolkningen, d\u00e4r spr\u00e5kliga, etniska och generationsm\u00e4ssiga skillnader f\u00f6rst\u00e4rker mots\u00e4ttningarna.<\/p>\n<p class=\"aw-1gybjub aw-1p7kakr cmIuaG fmSRng yle__article__paragraph\">\u2013 De proryska attityderna bottnar dels i identitet, dels i en r\u00e4dsla f\u00f6r att Moldavien kan bli n\u00e4sta m\u00e5l f\u00f6r Ryssland, vilket f\u00e5r m\u00e5nga att vilja h\u00e5lla sig v\u00e4l med Moskva, s\u00e4ger Eaglestone.<\/p>\n<p class=\"aw-1gybjub aw-1p7kakr cmIuaG fmSRng yle__article__paragraph\">Exempel p\u00e5 Rysslands hybridp\u00e5verkan har m\u00e4rkts under valkampanjen, d\u00e4r desinformationskampanjer spridits i sociala medier, misst\u00e4nkta f\u00f6rs\u00f6k till r\u00f6stk\u00f6p rapporterats och cyberattacker riktats mot myndigheter och valfunktion\u00e4rer.<\/p>\n<p class=\"aw-1gybjub aw-1p7kakr cmIuaG fmSRng yle__article__paragraph\">Falska nyheter och propaganda har anv\u00e4nts f\u00f6r att underminera f\u00f6rtroendet f\u00f6r det sittande EU-v\u00e4nliga styret och f\u00f6r att st\u00e4rka st\u00f6det f\u00f6r de proryska krafterna.<\/p>\n<p>Testlaboratorium f\u00f6r rysk p\u00e5verkan<\/p>\n<p class=\"aw-1gybjub aw-1p7kakr cmIuaG fmSRng yle__article__paragraph\">Moldaviens betydelse har vuxit snabbt i takt med att omv\u00e4rldens intresse f\u00f6r landets v\u00e4gval \u00f6kat.<\/p>\n<p class=\"aw-1gybjub aw-1p7kakr cmIuaG fmSRng yle__article__paragraph\">\u2013 P\u00e5 bara fem \u00e5r har Moldavien g\u00e5tt fr\u00e5n att betraktas som en ointressant och bortgl\u00f6md periferi till att bli ett nav f\u00f6r Europas geopolitiska sp\u00e4nningar, s\u00e4ger Amy Eaglestone.<\/p>\n<p class=\"aw-1gybjub aw-1p7kakr cmIuaG fmSRng yle__article__paragraph\">Hon menar att Moldaviens utveckling kan bli antingen en modell eller en varning f\u00f6r andra l\u00e4nder i Rysslands n\u00e4rhet. Ett fortsatt f\u00f6rtroende f\u00f6r regeringspartiet PAS skulle st\u00e4rka EU:s inflytande i regionen.<\/p>\n<p class=\"aw-1gybjub aw-1p7kakr cmIuaG fmSRng yle__article__paragraph\">En seger f\u00f6r Patriotiska blocket skulle d\u00e4remot \u00f6ppna dammluckorna f\u00f6r \u00f6kad destabilisering och rysk p\u00e5verkan, med potentiella f\u00f6ljder f\u00f6r hela kontinentens s\u00e4kerhet.<\/p>\n<p class=\"aw-1gybjub aw-1p7kakr cmIuaG fmSRng yle__article__paragraph\">\u2013 Moldavien kan ses som ett laboratorium d\u00e4r Ryssland pr\u00f6var sina metoder \u2013 desinformation, cyberattacker och ekonomiskt tryck \u2013 innan de anv\u00e4nds p\u00e5 andra h\u00e5ll i Europa, s\u00e4ger Eaglestone.<\/p>\n<p><img decoding=\"async\" alt=\"Maia Sandu och europeiska ledare i Moldavien.\" src=\"https:\/\/www.europesays.com\/se\/wp-content\/uploads\/2025\/09\/39-152937068d6f93badb7d.jpeg\" loading=\"lazy\" class=\"aw-1l9m598 hKVVvP\"\/><\/p>\n<p>\u00d6ppna bildvisare<\/p>\n<p>Frankrikes, Tysklands och Polens ledare deltog vid sj\u00e4lvst\u00e4ndighetsfirandet i Chi\u0219in\u0103 i slutet av augusti med president Maia Sandu som blivit symbol f\u00f6r Moldaviens n\u00e4rmande till EU.  Bild: EPAM\u00e5nga saknar framtidstro<\/p>\n<p class=\"aw-1gybjub aw-1p7kakr cmIuaG fmSRng yle__article__paragraph\">Medan Europas blickar riktas mot Moldaviens geopolitiska betydelse och valet ses som avg\u00f6rande f\u00f6r hela regionen k\u00e4nner sig m\u00e5nga v\u00e4ljare f\u00f6rbig\u00e5ngna av politikerna.<\/p>\n<p class=\"aw-1gybjub aw-1p7kakr cmIuaG fmSRng yle__article__paragraph\">Den ekonomiska krisen, l\u00e5ga l\u00f6ner och bristen p\u00e5 framtidstro har skapat en utbredd k\u00e4nsla av hoppl\u00f6shet i ett av Europas minsta och fattigaste l\u00e4nder. M\u00e5nga upplever att beslutsfattarna oberoende av politisk f\u00e4rg inte lyckas f\u00f6rb\u00e4ttra vardagen f\u00f6r v\u00e4ljarna.<\/p>\n<p class=\"aw-1gybjub aw-1p7kakr cmIuaG fmSRng yle__article__paragraph\">\u2013 Jag har r\u00f6stat tv\u00e5 g\u00e5nger tidigare, men det har aldrig blivit n\u00e5gon riktig f\u00f6r\u00e4ndring som f\u00e5tt mig att vilja stanna kvar i det h\u00e4r landet, s\u00e4ger fabriksarbetaren <strong class=\"aw-ak79eh KyCXm yle__article__strong\">Iulian Cazacu<\/strong> till nyhetsbyr\u00e5n Reuters.<\/p>\n<p class=\"aw-1gybjub aw-1p7kakr cmIuaG fmSRng yle__article__paragraph\">Enligt forskaren Amy Eaglestone k\u00e4nner m\u00e5nga v\u00e4ljare en v\u00e4xande besvikelse \u00f6ver att \u00e5terkommande politiska skiften inte lett till n\u00e5gra m\u00e4rkbara f\u00f6rb\u00e4ttringar i vardagen.<\/p>\n<p class=\"aw-1gybjub aw-1p7kakr cmIuaG fmSRng yle__article__paragraph\">\u2013 M\u00e5nga upplever att politikerna utg\u00f6r en europeiskt utbildad elit som saknar kontakt med vanliga m\u00e4nniskors vardag. Det bidrar till k\u00e4nslan av hoppl\u00f6shet, s\u00e4ger Eaglestone.<\/p>\n","protected":false},"excerpt":{"rendered":"F\u00f6rhoppningar om ett n\u00e4rmare samarbete med EU varvas med rysk desinformation och p\u00e5tryckningar inf\u00f6r s\u00f6ndagens parlamentsval i Moldavien,&hellip;\n","protected":false},"author":2,"featured_media":41414,"comment_status":"","ping_status":"","sticky":false,"template":"","format":"standard","meta":{"footnotes":""},"categories":[14],"tags":[22,23,1640,4295,267,1680,4292,26,27,17,21,24,25,28,29,3976,15,16,4291,369,4290,18,1788,264,34,31,33,32,30,19,20,4294,237,1636,4293,51,52,53,54],"class_list":{"0":"post-41413","1":"post","2":"type-post","3":"status-publish","4":"format-standard","5":"has-post-thumbnail","7":"category-varlden","8":"tag-breaking-news","9":"tag-breakingnews","10":"tag-demokrati","11":"tag-eu-medlemskap","12":"tag-europa","13":"tag-europeiska-unionen","14":"tag-fattigdom","15":"tag-featured-news","16":"tag-featurednews","17":"tag-headlines","18":"tag-huvudnyheter","19":"tag-latest-news","20":"tag-latestnews","21":"tag-main-news","22":"tag-mainnews","23":"tag-moldavien","24":"tag-news","25":"tag-nyheter","26":"tag-parlamentsval","27":"tag-politik","28":"tag-politisk-aktivitet","29":"tag-rubriker","30":"tag-ryskt-anfall-mot-ukraina","31":"tag-ryssland","32":"tag-se","33":"tag-svenska","34":"tag-sverige","35":"tag-sweden","36":"tag-swedish","37":"tag-top-stories","38":"tag-topstories","39":"tag-transnistrien","40":"tag-utrikes","41":"tag-val","42":"tag-valsystem","43":"tag-varlden","44":"tag-world","45":"tag-world-news","46":"tag-worldnews"},"share_on_mastodon":{"url":"","error":""},"_links":{"self":[{"href":"https:\/\/www.europesays.com\/se\/wp-json\/wp\/v2\/posts\/41413","targetHints":{"allow":["GET"]}}],"collection":[{"href":"https:\/\/www.europesays.com\/se\/wp-json\/wp\/v2\/posts"}],"about":[{"href":"https:\/\/www.europesays.com\/se\/wp-json\/wp\/v2\/types\/post"}],"author":[{"embeddable":true,"href":"https:\/\/www.europesays.com\/se\/wp-json\/wp\/v2\/users\/2"}],"replies":[{"embeddable":true,"href":"https:\/\/www.europesays.com\/se\/wp-json\/wp\/v2\/comments?post=41413"}],"version-history":[{"count":0,"href":"https:\/\/www.europesays.com\/se\/wp-json\/wp\/v2\/posts\/41413\/revisions"}],"wp:featuredmedia":[{"embeddable":true,"href":"https:\/\/www.europesays.com\/se\/wp-json\/wp\/v2\/media\/41414"}],"wp:attachment":[{"href":"https:\/\/www.europesays.com\/se\/wp-json\/wp\/v2\/media?parent=41413"}],"wp:term":[{"taxonomy":"category","embeddable":true,"href":"https:\/\/www.europesays.com\/se\/wp-json\/wp\/v2\/categories?post=41413"},{"taxonomy":"post_tag","embeddable":true,"href":"https:\/\/www.europesays.com\/se\/wp-json\/wp\/v2\/tags?post=41413"}],"curies":[{"name":"wp","href":"https:\/\/api.w.org\/{rel}","templated":true}]}}