{"id":41421,"date":"2025-09-28T01:58:11","date_gmt":"2025-09-28T01:58:11","guid":{"rendered":"https:\/\/www.europesays.com\/se\/41421\/"},"modified":"2025-09-28T01:58:11","modified_gmt":"2025-09-28T01:58:11","slug":"rogles-nyforvarv-funderade-pa-att-lagga-av","status":"publish","type":"post","link":"https:\/\/www.europesays.com\/se\/41421\/","title":{"rendered":"R\u00f6gles nyf\u00f6rv\u00e4rv: &#8221;Funderade p\u00e5 att l\u00e4gga av&#8221;"},"content":{"rendered":"<p><strong><a href=\"https:\/\/hockeysverige.se\/spelare\/calvin-de-haan\/\" rel=\"nofollow noopener\" target=\"_blank\">Calvin de Haan<\/a> debuterade f\u00f6r <a href=\"https:\/\/hockeysverige.se\/klubb\/rogle-bk\/\" rel=\"nofollow noopener\" target=\"_blank\">R\u00f6gle<\/a> i torsdags. Men det kunde ha varit s\u00e5 att karri\u00e4ren redan var \u00f6ver, ber\u00e4ttar han f\u00f6r <a href=\"https:\/\/www.hd.se\/2025-09-27\/rogles-nyforvarv-om-tuffa-nhl-slutet-funderade-pa-att-lagga-av\/\" rel=\"nofollow noopener\" target=\"_blank\">Helsingborgs Dagblad.<\/a><br \/>\u2013 Jag st\u00e4llde mig fr\u00e5gan om n\u00e5gon skulle vilja ha mig, s\u00e4ger han.<\/strong><\/p>\n<p><img loading=\"lazy\" decoding=\"async\" width=\"1024\" height=\"658\" src=\"https:\/\/www.europesays.com\/se\/wp-content\/uploads\/2025\/09\/Calvin-de-Haan-1024x658.webp.webp\" alt=\"\" class=\"wp-image-307349\"  \/>Calvin de Haan. <br \/><strong>Foto:<\/strong> Bildbyr\u00e5n.<\/p>\n<p>Efter 679 grundseriematcher, f\u00f6rdelade p\u00e5 13 s\u00e4songer, \u00e4r Calvin de Haans <a href=\"https:\/\/hockeysverige.se\/nhl\/\" rel=\"nofollow noopener\" target=\"_blank\">NHL<\/a>-karri\u00e4r \u00f6ver. Veteranbacken gjorde i torsdags sin f\u00f6rsta seriematch i Europa d\u00e5 han <a href=\"https:\/\/hockeysverige.se\/shl\/\" rel=\"nofollow noopener\" target=\"_blank\">SHL<\/a>-debuterade f\u00f6r R\u00f6gle.<\/p>\n<p>Men slutet i Nordamerika blev inte som de Haan hade hoppats. Han blev trejdad fr\u00e5n <a href=\"https:\/\/hockeysverige.se\/klubb\/colorado-avalanche\/\" rel=\"nofollow noopener\" target=\"_blank\">Colorado Avalanche<\/a> till <a href=\"https:\/\/hockeysverige.se\/klubb\/new-york-rangers\/\" rel=\"nofollow noopener\" target=\"_blank\">New York Rangers<\/a> den 1 mars i \u00e5r. Och det blev b\u00f6rjan till slutet p\u00e5 backens NHL-karri\u00e4r.<\/p>\n<p>\u2013 Jag spelade tre matcher p\u00e5 fyra dagar med Rangers direkt, sen petade de mig i \u00f6ver tjugo omg\u00e5ngar. De spelade inte mig p\u00e5 en hel m\u00e5nad. Det var v\u00e4ldigt frustrerande. Jag k\u00e4nde att jag kunde ha hj\u00e4lpt det laget, speciellt defensivt, s\u00e4ger Calvin de Haan i en intervju med Helsingborgs Dagblad.<\/p>\n<p>Calvin de Haan: \u201dFunderade p\u00e5 att l\u00e4gga av\u201d<\/p>\n<p>Faktum \u00e4r att situationen i Rangers till och med gjorde att 34-\u00e5ringen \u00f6verv\u00e4gde att sluta. <\/p>\n<p>\u2013 Jag funderade p\u00e5 att l\u00e4gga av och st\u00e4llde mig fr\u00e5gan om n\u00e5gon skulle vilja ha mig. Sen jobbade jag s\u00e5 h\u00e5rt jag kunde i somras och den h\u00e4r m\u00f6jligheten d\u00f6k upp. Nu \u00e4r det sv\u00e5rt att vara uppr\u00f6rd, jag f\u00e5r fortfarande h\u00e5lla p\u00e5 med det jag \u00e4lskar.<\/p>\n<p>de Haan spelade runt 17 minuter i torsdagens SHL-debut.<\/p>\n<p> Source: <a href=\"https:\/\/www.eliteprospects.com\/player\/23814\/calvin-de-haan\" target=\"_blank\" rel=\"noopener noreferrer nofollow\">Calvin de Haan<\/a> @ Elite Prospects<\/p>\n","protected":false},"excerpt":{"rendered":"Calvin de Haan debuterade f\u00f6r R\u00f6gle i torsdags. Men det kunde ha varit s\u00e5 att karri\u00e4ren redan var&hellip;\n","protected":false},"author":2,"featured_media":41422,"comment_status":"","ping_status":"","sticky":false,"template":"","format":"standard","meta":{"footnotes":""},"categories":[68],"tags":[34,133,111,110,31,33,32,30],"class_list":{"0":"post-41421","1":"post","2":"type-post","3":"status-publish","4":"format-standard","5":"has-post-thumbnail","7":"category-sport","8":"tag-se","9":"tag-second-news","10":"tag-sport","11":"tag-sports","12":"tag-svenska","13":"tag-sverige","14":"tag-sweden","15":"tag-swedish"},"share_on_mastodon":{"url":"","error":""},"_links":{"self":[{"href":"https:\/\/www.europesays.com\/se\/wp-json\/wp\/v2\/posts\/41421","targetHints":{"allow":["GET"]}}],"collection":[{"href":"https:\/\/www.europesays.com\/se\/wp-json\/wp\/v2\/posts"}],"about":[{"href":"https:\/\/www.europesays.com\/se\/wp-json\/wp\/v2\/types\/post"}],"author":[{"embeddable":true,"href":"https:\/\/www.europesays.com\/se\/wp-json\/wp\/v2\/users\/2"}],"replies":[{"embeddable":true,"href":"https:\/\/www.europesays.com\/se\/wp-json\/wp\/v2\/comments?post=41421"}],"version-history":[{"count":0,"href":"https:\/\/www.europesays.com\/se\/wp-json\/wp\/v2\/posts\/41421\/revisions"}],"wp:featuredmedia":[{"embeddable":true,"href":"https:\/\/www.europesays.com\/se\/wp-json\/wp\/v2\/media\/41422"}],"wp:attachment":[{"href":"https:\/\/www.europesays.com\/se\/wp-json\/wp\/v2\/media?parent=41421"}],"wp:term":[{"taxonomy":"category","embeddable":true,"href":"https:\/\/www.europesays.com\/se\/wp-json\/wp\/v2\/categories?post=41421"},{"taxonomy":"post_tag","embeddable":true,"href":"https:\/\/www.europesays.com\/se\/wp-json\/wp\/v2\/tags?post=41421"}],"curies":[{"name":"wp","href":"https:\/\/api.w.org\/{rel}","templated":true}]}}