{"id":41464,"date":"2025-09-28T05:09:11","date_gmt":"2025-09-28T05:09:11","guid":{"rendered":"https:\/\/www.europesays.com\/se\/41464\/"},"modified":"2025-09-28T05:09:11","modified_gmt":"2025-09-28T05:09:11","slug":"gisslen-koptes-ut-av-fhm-far-dubbel-lon-till-mars","status":"publish","type":"post","link":"https:\/\/www.europesays.com\/se\/41464\/","title":{"rendered":"Gissl\u00e9n k\u00f6ptes ut av FHM \u2013 f\u00e5r dubbel l\u00f6n till mars"},"content":{"rendered":"<p>Statsepidemiolog Magnus Gissl\u00e9n avgick i augusti 2025 efter att ha riktat skarp kritik mot Folkh\u00e4lsomyndighetens ledning f\u00f6r bristande medicinsk kompetens och ineffektivt arbetsklimat.<\/p>\n<p>Folkh\u00e4lsomyndigheten uppgav att Gissl\u00e9n skulle petas fr\u00e5n sin post p\u00e5 grund av olika syn p\u00e5 rollen, men erbj\u00f6d honom en annan tj\u00e4nst, vilket han avb\u00f6jde.<\/p>\n<p>Kritiken ledde till att socialminister Jakob Forssmed kallade myndighetens generaldirekt\u00f6r till m\u00f6te och kr\u00e4vde en \u00f6versyn av medicinsk kompetens, med rapport senast i oktober.<\/p>\n<p>Flera experter och tidigare chefer har b\u00e5de st\u00f6tt och ifr\u00e5gasatt Gissl\u00e9ns kritik, medan myndighetens ledning framh\u00f6ll att den medicinska och akademiska kompetensen \u00e4r h\u00f6g.<\/p>\n<p>Folkh\u00e4lsomyndigheten har efter kritiken beslutat att skapa en ny avdelning f\u00f6r smittskydd och beredskap samt att den nya statsepidemiologen ska ing\u00e5 i ledningsgruppen.<\/p>\n","protected":false},"excerpt":{"rendered":"Statsepidemiolog Magnus Gissl\u00e9n avgick i augusti 2025 efter att ha riktat skarp kritik mot Folkh\u00e4lsomyndighetens ledning f\u00f6r bristande&hellip;\n","protected":false},"author":2,"featured_media":41465,"comment_status":"","ping_status":"","sticky":false,"template":"","format":"standard","meta":{"footnotes":""},"categories":[5],"tags":[22,23,26,27,1624,17,21,24,25,1623,28,29,15,16,18,34,31,33,32,30,19,20],"class_list":{"0":"post-41464","1":"post","2":"type-post","3":"status-publish","4":"format-standard","5":"has-post-thumbnail","7":"category-rubriker","8":"tag-breaking-news","9":"tag-breakingnews","10":"tag-featured-news","11":"tag-featurednews","12":"tag-folkhalsomyndigheten","13":"tag-headlines","14":"tag-huvudnyheter","15":"tag-latest-news","16":"tag-latestnews","17":"tag-magnus-gisslen","18":"tag-main-news","19":"tag-mainnews","20":"tag-news","21":"tag-nyheter","22":"tag-rubriker","23":"tag-se","24":"tag-svenska","25":"tag-sverige","26":"tag-sweden","27":"tag-swedish","28":"tag-top-stories","29":"tag-topstories"},"share_on_mastodon":{"url":"","error":""},"_links":{"self":[{"href":"https:\/\/www.europesays.com\/se\/wp-json\/wp\/v2\/posts\/41464","targetHints":{"allow":["GET"]}}],"collection":[{"href":"https:\/\/www.europesays.com\/se\/wp-json\/wp\/v2\/posts"}],"about":[{"href":"https:\/\/www.europesays.com\/se\/wp-json\/wp\/v2\/types\/post"}],"author":[{"embeddable":true,"href":"https:\/\/www.europesays.com\/se\/wp-json\/wp\/v2\/users\/2"}],"replies":[{"embeddable":true,"href":"https:\/\/www.europesays.com\/se\/wp-json\/wp\/v2\/comments?post=41464"}],"version-history":[{"count":0,"href":"https:\/\/www.europesays.com\/se\/wp-json\/wp\/v2\/posts\/41464\/revisions"}],"wp:featuredmedia":[{"embeddable":true,"href":"https:\/\/www.europesays.com\/se\/wp-json\/wp\/v2\/media\/41465"}],"wp:attachment":[{"href":"https:\/\/www.europesays.com\/se\/wp-json\/wp\/v2\/media?parent=41464"}],"wp:term":[{"taxonomy":"category","embeddable":true,"href":"https:\/\/www.europesays.com\/se\/wp-json\/wp\/v2\/categories?post=41464"},{"taxonomy":"post_tag","embeddable":true,"href":"https:\/\/www.europesays.com\/se\/wp-json\/wp\/v2\/tags?post=41464"}],"curies":[{"name":"wp","href":"https:\/\/api.w.org\/{rel}","templated":true}]}}