{"id":41603,"date":"2025-09-28T08:40:10","date_gmt":"2025-09-28T08:40:10","guid":{"rendered":"https:\/\/www.europesays.com\/se\/41603\/"},"modified":"2025-09-28T08:40:10","modified_gmt":"2025-09-28T08:40:10","slug":"christoffer-ehn-sjalvkritisk-efter-linkopings-tunga-start-shl","status":"publish","type":"post","link":"https:\/\/www.europesays.com\/se\/41603\/","title":{"rendered":"Christoffer Ehn sj\u00e4lvkritisk efter Link\u00f6pings tunga start | SHL"},"content":{"rendered":"<p>Publicerad 28 sep 2025 kl 09.33<\/p>\n<p>Christoffer Ehn fick axla det tunga ansvaret som kapten sent inf\u00f6r s\u00e4songen.<\/p>\n<p>Nu ber\u00e4ttar han om pressen och vad som kr\u00e4vs f\u00f6r att Link\u00f6ping ska v\u00e4nda den tunga trenden.<\/p>\n<p>\u2013 Jag har inte riktigt kommit till min r\u00e4tt, s\u00e4ger han om sin egen start p\u00e5 s\u00e4songen.<\/p>\n<p><img   alt=\"\"\/><\/p>\n<p>Christoffer Ehn<\/p>\n<p>Foto: PETER HOLGERSSON \/ PETER HOLGERSSON AB<\/p>\n<p>\u00d6ppna bild i helsk\u00e4rm<\/p>\n<p>Det g\u00e5r fortsatt tungt f\u00f6r Link\u00f6ping i SHL.<\/p>\n<p>Efter torsdagens seger mot R\u00f6gle, som var den f\u00f6rsta f\u00f6r s\u00e4songen, kom ett bakslag p\u00e5 hemmaplan n\u00e4r laget f\u00f6ll mot Malm\u00f6 under l\u00f6rdagen.<\/p>\n<p>Frustrationen \u00e4r stor hos supportrarna och internt f\u00f6rs\u00f6ker lagkaptenen Christoffer Ehn g\u00f6ra vad han kan f\u00f6r att f\u00e5 laget att lyfta.<\/p>\n<p>\u2013 Jag f\u00f6rs\u00f6ker bara mana p\u00e5. Vi vet att det finns kvalitet i det h\u00e4r laget och n\u00e4r vi spelar som vi ska s\u00e5 tycker jag det ser ganska bra ut. Men det g\u00e4ller att hitta den j\u00e4mnheten, s\u00e4ger han och forts\u00e4tter:<\/p>\n<p>\u2013 Vi m\u00e5ste forts\u00e4tta svetsa ihop gruppen och se till att vi st\u00e5r i det h\u00e4r tillsammans.<\/p>\n<p>Han fick axla ansvaret som kapten sedan den ordinarie lagkaptenen Oscar Fantenberg drabbades av en skada inf\u00f6r s\u00e4songen som v\u00e4ntas h\u00e5lla honom borta hela vintern.<\/p>\n<p>\u2013 Jag tycker vi alla har ett gemensamt ansvar d\u00e4r inne nu. Vi \u00e4r m\u00e5nga erfarna spelare som har varit med under ett tag och det \u00e4r vi alla tillsammans som ska g\u00f6ra det h\u00e4r.<\/p>\n<p>\u2013 Det enda vi kan g\u00f6ra \u00e4r att jobba med energin. Dag ut och dag in, p\u00e5 varje tr\u00e4ning. Vi ska se till att utveckla v\u00e5rt spel och bli b\u00e4ttre.<\/p>\n<p><strong>Hur \u00e4r det att hantera pressen som \u00e4r utifr\u00e5n just nu?<\/strong><\/p>\n<p>\u2013 Ja, men s\u00e5 \u00e4r det alltid. Det \u00e4r en del av spelet. Det kan inte vi h\u00e5lla p\u00e5 att t\u00e4nka p\u00e5 f\u00f6r mycket.<\/p>\n<p>Han \u00e4r samtidigt tydlig med att han f\u00f6rst\u00e5r frustrationen som finns hos de utanf\u00f6r v\u00e4ggarna.<\/p>\n<p>\u2013 Jag \u00e4r sj\u00e4lv supporter till lag och har all respekt f\u00f6r att man tycker och t\u00e4nker en massa. Men det g\u00e4ller f\u00f6r oss att st\u00e4nga ute det. Vi m\u00e5ste g\u00f6ra det vi kan och det vi tror p\u00e5.<\/p>\n<p>\u201dD\u00e5 ser jag oss vinna matcher\u201d<\/p>\n<p>Sj\u00e4lv \u00e4r han \u00f6vertygad om att v\u00e4ndningen kommer att komma.<\/p>\n<p>\u2013 Vi blir lite veka emellan\u00e5t nu och sl\u00e4pper in lite enkla m\u00e5l. Men st\u00e4dar vi bort det, d\u00e5 ser jag oss vinna matcher fram\u00f6ver.<\/p>\n<p>Han tror att mycket handlar om det mentala.<\/p>\n<p>\u2013 Sj\u00e4lvf\u00f6rtroende \u00e4r ingenting man bara f\u00e5r. Det \u00e4r n\u00e5gonting du skapar \u00f6ver tid. Jag tror \u00e4nd\u00e5 att den h\u00e4r gruppen kan vara p\u00e5 v\u00e4g \u00e5t r\u00e4tt h\u00e5ll.\u00a0<\/p>\n<p>\u2013 Vi fick ett bra svar nere i \u00c4ngelholm. Nu g\u00e4ller det bara att ta de h\u00e4r nya sm\u00e4llarna och f\u00f6rlusterna p\u00e5 r\u00e4tt s\u00e4tt. Vi f\u00e5r damma av oss det h\u00e4r.<\/p>\n<p><strong>K\u00e4nns det som att det blivit en annan k\u00e4nsla i gruppen just efter segern mot R\u00f6gle?<\/strong><\/p>\n<p>\u2013 Ja. Det \u00e4r sj\u00e4lvklart tufft att f\u00f6rlora s\u00e5 h\u00e4r p\u00e5 hemmaplan en l\u00f6rdag, speciellt med tanke p\u00e5 hur illa det var h\u00e4r sist. Men matchen mot R\u00f6gle gav oss \u00e4nd\u00e5 n\u00e5gonting att bygga p\u00e5. Vi ska forts\u00e4tta i den \u00e4nden, f\u00f6r man kan inte l\u00e4gga sig ner och d\u00f6.<\/p>\n<p><strong>Hur ser du p\u00e5 din egen s\u00e4song hittills?<\/strong><\/p>\n<p>\u2013 Jag har inte riktigt kommit till min r\u00e4tt. Jag vill ha ut mer av mig sj\u00e4lv och tycker att jag borde kunna vara mer involverad i spelet. Det har varit mycket \u00e5kningar och bara k\u00e4mpa, k\u00e4mpa. Jag m\u00e5ste f\u00e5 ner axlarna och spela ut lite mer.<\/p>\n<p>\u2013 Men g\u00f6r vi r\u00e4tt saker dag ut och dag in s\u00e5 kommer det till slut.<\/p>\n","protected":false},"excerpt":{"rendered":"Publicerad 28 sep 2025 kl 09.33 Christoffer Ehn fick axla det tunga ansvaret som kapten sent inf\u00f6r s\u00e4songen.&hellip;\n","protected":false},"author":2,"featured_media":41604,"comment_status":"","ping_status":"","sticky":false,"template":"","format":"standard","meta":{"footnotes":""},"categories":[68],"tags":[2025,34,255,823,111,110,31,33,32,30],"class_list":{"0":"post-41603","1":"post","2":"type-post","3":"status-publish","4":"format-standard","5":"has-post-thumbnail","7":"category-sport","8":"tag-organization-linkoping-hc","9":"tag-se","10":"tag-sections-ishockey","11":"tag-sections-shl","12":"tag-sport","13":"tag-sports","14":"tag-svenska","15":"tag-sverige","16":"tag-sweden","17":"tag-swedish"},"share_on_mastodon":{"url":"","error":""},"_links":{"self":[{"href":"https:\/\/www.europesays.com\/se\/wp-json\/wp\/v2\/posts\/41603","targetHints":{"allow":["GET"]}}],"collection":[{"href":"https:\/\/www.europesays.com\/se\/wp-json\/wp\/v2\/posts"}],"about":[{"href":"https:\/\/www.europesays.com\/se\/wp-json\/wp\/v2\/types\/post"}],"author":[{"embeddable":true,"href":"https:\/\/www.europesays.com\/se\/wp-json\/wp\/v2\/users\/2"}],"replies":[{"embeddable":true,"href":"https:\/\/www.europesays.com\/se\/wp-json\/wp\/v2\/comments?post=41603"}],"version-history":[{"count":0,"href":"https:\/\/www.europesays.com\/se\/wp-json\/wp\/v2\/posts\/41603\/revisions"}],"wp:featuredmedia":[{"embeddable":true,"href":"https:\/\/www.europesays.com\/se\/wp-json\/wp\/v2\/media\/41604"}],"wp:attachment":[{"href":"https:\/\/www.europesays.com\/se\/wp-json\/wp\/v2\/media?parent=41603"}],"wp:term":[{"taxonomy":"category","embeddable":true,"href":"https:\/\/www.europesays.com\/se\/wp-json\/wp\/v2\/categories?post=41603"},{"taxonomy":"post_tag","embeddable":true,"href":"https:\/\/www.europesays.com\/se\/wp-json\/wp\/v2\/tags?post=41603"}],"curies":[{"name":"wp","href":"https:\/\/api.w.org\/{rel}","templated":true}]}}