{"id":41621,"date":"2025-09-28T09:03:28","date_gmt":"2025-09-28T09:03:28","guid":{"rendered":"https:\/\/www.europesays.com\/se\/41621\/"},"modified":"2025-09-28T09:03:28","modified_gmt":"2025-09-28T09:03:28","slug":"demonstration-mot-svenska-journalister-pa-bokmassan","status":"publish","type":"post","link":"https:\/\/www.europesays.com\/se\/41621\/","title":{"rendered":"Demonstration mot svenska journalister p\u00e5 Bokm\u00e4ssan"},"content":{"rendered":"<p>Cirka 100 personer samlades p\u00e5 l\u00f6rdagen utanf\u00f6r Bokm\u00e4ssans entr\u00e9 i G\u00f6teborg f\u00f6r att demonstrera.<\/p>\n<p>Demonstrationen h\u00f6lls till minne av d\u00f6dade journalister i Gaza.<\/p>\n<p>Men flera svenska journalister h\u00e4ngdes ut p\u00e5 plakat.<\/p>\n<p>Nyheter, reportage och analyser i Sverige och i \u00f6vriga v\u00e4rlden.<img   alt=\"\"\/><\/p>\n<p>Svenska journalister, d\u00e4ribland SVT:s vd Anne Lagercrantz, h\u00e4ngdes ut p\u00e5 demonstrationen.<\/p>\n<p>Foto: Hanna Brunl\u00f6f<\/p>\n<p>\u00d6ppna bild i helsk\u00e4rm<img loading=\"lazy\"   alt=\"\"\/><\/p>\n<p>Athena Farrokhzad (mitten) \u00e4r en av arrang\u00f6rerna.<\/p>\n<p>Foto: Hanna Brunlof \/ Hanna Brunlof \/ Expressen<\/p>\n<p>\u00d6ppna bild i helsk\u00e4rm<img loading=\"lazy\"   alt=\"\"\/><\/p>\n<p>Omkring 100 personer samlades utanf\u00f6r Bokm\u00e4ssan.<\/p>\n<p>Foto: Hanna Brunl\u00f6f<\/p>\n<p>\u00d6ppna bild i helsk\u00e4rm<\/p>\n<p>Demonstrationen, som b\u00f6rjade klockan 13, gick lugnt till, enligt Expressens reportrar p\u00e5 plats. Ett hundratal personer hade samlats och utanf\u00f6r huvudentr\u00e9n till <a href=\"https:\/\/www.expressen.se\/tagg\/organization\/bokmassan\/\" class=\"\" rel=\"nofollow noopener\" target=\"_blank\">Bokm\u00e4ssan<\/a>.\u00a0<\/p>\n<p>Ett antal skyltar, med bilder och namn p\u00e5 sju till tio svenska journalister, satt uppsatta p\u00e5 platsen. En av dem visar SVT:s vd Anne Lagercrantz.<\/p>\n<p>\u201dVi ser hur du st\u00f6ttar folkmord,\u201d st\u00e5r det under hennes namn.<\/p>\n<p>En annan skylt riktar sig mot Expressenmedarbetaren Hynek Pallas.<\/p>\n<p>\u201dVarf\u00f6r sprider du propaganda?\u201d st\u00e5r det p\u00e5 plakatet.<\/p>\n<p>Arrang\u00f6ren: \u201dM\u00e4nniskor som har ansvar\u201d<\/p>\n<p>Litteraturs\u00e4llskapet Br\u00f6d och rosor arrangerade demonstrationen f\u00f6r att uppm\u00e4rksamma de journalister som d\u00f6dats i kriget i Gaza. En av arrang\u00f6rerna \u00e4r poeten Athena Farrokhzad, som \u00e4ven h\u00f6ll tal.\u00a0<\/p>\n<p>\u2013 Vi har gjort en manifestation f\u00f6r att hedra de kolleger som under folkmordet har d\u00f6dats av den israeliska staten i Gaza. De f\u00f6rfattare och journalister som inte \u00e4r med oss, eftersom de inte l\u00e4ngre lever. Vi har l\u00e4st upp deras namn och f\u00f6rklarat dem n\u00e4rvarande i deras fr\u00e5nvaro, s\u00e4ger hon.\u00a0<\/p>\n<p><strong>Att ni visar bilder p\u00e5 svenska journalister med olika budskap, vad vill ni ha sagt med det?<\/strong><\/p>\n<p>\u2013 Det finns m\u00e4nniskor i Sverige som har ansvar f\u00f6r att vi normaliserar folkmord.<\/p>\n","protected":false},"excerpt":{"rendered":"Cirka 100 personer samlades p\u00e5 l\u00f6rdagen utanf\u00f6r Bokm\u00e4ssans entr\u00e9 i G\u00f6teborg f\u00f6r att demonstrera. Demonstrationen h\u00f6lls till minne&hellip;\n","protected":false},"author":2,"featured_media":41622,"comment_status":"","ping_status":"","sticky":false,"template":"","format":"standard","meta":{"footnotes":""},"categories":[5],"tags":[22,23,26,27,17,21,24,25,56,239,28,29,15,4247,16,4061,18,34,154,31,33,32,30,19,20],"class_list":{"0":"post-41621","1":"post","2":"type-post","3":"status-publish","4":"format-standard","5":"has-post-thumbnail","7":"category-rubriker","8":"tag-breaking-news","9":"tag-breakingnews","10":"tag-featured-news","11":"tag-featurednews","12":"tag-headlines","13":"tag-huvudnyheter","14":"tag-latest-news","15":"tag-latestnews","16":"tag-location-gaza","17":"tag-location-goteborg","18":"tag-main-news","19":"tag-mainnews","20":"tag-news","21":"tag-newsstory-bokmassan2025","22":"tag-nyheter","23":"tag-organization-bokmassan","24":"tag-rubriker","25":"tag-se","26":"tag-sections-sverige","27":"tag-svenska","28":"tag-sverige","29":"tag-sweden","30":"tag-swedish","31":"tag-top-stories","32":"tag-topstories"},"share_on_mastodon":{"url":"","error":""},"_links":{"self":[{"href":"https:\/\/www.europesays.com\/se\/wp-json\/wp\/v2\/posts\/41621","targetHints":{"allow":["GET"]}}],"collection":[{"href":"https:\/\/www.europesays.com\/se\/wp-json\/wp\/v2\/posts"}],"about":[{"href":"https:\/\/www.europesays.com\/se\/wp-json\/wp\/v2\/types\/post"}],"author":[{"embeddable":true,"href":"https:\/\/www.europesays.com\/se\/wp-json\/wp\/v2\/users\/2"}],"replies":[{"embeddable":true,"href":"https:\/\/www.europesays.com\/se\/wp-json\/wp\/v2\/comments?post=41621"}],"version-history":[{"count":0,"href":"https:\/\/www.europesays.com\/se\/wp-json\/wp\/v2\/posts\/41621\/revisions"}],"wp:featuredmedia":[{"embeddable":true,"href":"https:\/\/www.europesays.com\/se\/wp-json\/wp\/v2\/media\/41622"}],"wp:attachment":[{"href":"https:\/\/www.europesays.com\/se\/wp-json\/wp\/v2\/media?parent=41621"}],"wp:term":[{"taxonomy":"category","embeddable":true,"href":"https:\/\/www.europesays.com\/se\/wp-json\/wp\/v2\/categories?post=41621"},{"taxonomy":"post_tag","embeddable":true,"href":"https:\/\/www.europesays.com\/se\/wp-json\/wp\/v2\/tags?post=41621"}],"curies":[{"name":"wp","href":"https:\/\/api.w.org\/{rel}","templated":true}]}}