{"id":41815,"date":"2025-09-28T14:26:10","date_gmt":"2025-09-28T14:26:10","guid":{"rendered":"https:\/\/www.europesays.com\/se\/41815\/"},"modified":"2025-09-28T14:26:10","modified_gmt":"2025-09-28T14:26:10","slug":"virtus-pro-stoppas-vid-svenska-gransen-infor-esl-pro-league","status":"publish","type":"post","link":"https:\/\/www.europesays.com\/se\/41815\/","title":{"rendered":"Virtus Pro stoppas vid svenska gr\u00e4nsen inf\u00f6r ESL Pro League"},"content":{"rendered":"<p>Publicerad 28 sep 2025 kl 11.35Uppdaterad kl 11.49<\/p>\n<p>Ryska storlaget Virtus Pro stoppades vid svenska gr\u00e4nsen.<\/p>\n<p>Nu kommer laget inte till spel.<\/p>\n<p>\u201dVi \u00e4r ledsna att v\u00e5ra fans inte f\u00e5r se laget t\u00e4vla\u201d, skriver laget i <a href=\"https:\/\/x.com\/virtuspro\/status\/1971948709857345687\" rel=\"nofollow\">ett uttalande<\/a>.<\/p>\n<p><img   alt=\"\"\/><\/p>\n<p>Virtus Pro stoppas.<\/p>\n<p>Foto: Stephanie Lindgren \/ Blast.tv<\/p>\n<p>\u00d6ppna bild i helsk\u00e4rm<\/p>\n<p>Storturneringen ESL Pro League i <a href=\"https:\/\/www.expressen.se\/tagg\/organization\/counter-strike\/\" class=\"\" rel=\"nofollow noopener\" target=\"_blank\">Counter-Strike<\/a> inleds under s\u00f6ndagen i Stockholm, men Virtus Pro kommer inte till spel.<\/p>\n<p>I ett <a href=\"https:\/\/x.com\/virtuspro\/status\/1971948709857345687\" rel=\"nofollow\">uttalande<\/a> skriver det ryska laget att man stoppades av svenska gr\u00e4nspolisen under inresa. Anledningen var att det uppstod fr\u00e5getecken kring resef\u00f6rs\u00e4kringen f\u00f6r tre av spelarna.\u00a0<\/p>\n<p>\u201dSamma f\u00f6rs\u00e4kringar hade tidigare accepterats utan problem i andra Schengenl\u00e4nder. Nya f\u00f6rs\u00e4kringar arrangerades kvickt, men vid det laget hade beslutet att neka inresan redan tagits och spelarnas visum \u00e5terkallades\u201d, skriver Virtus Pro.<\/p>\n<p>Kan gynna svensklaget<\/p>\n<p>Det \u00e4r ett h\u00e5rt slag mot laget eftersom platserna till majorn i Budapest avg\u00f6rs om bara en vecka, och Virtus Pro nu tappar viktiga rankningspo\u00e4ng som de andra lagen f\u00e5r spela om i Stockholm.\u00a0<\/p>\n<p>I st\u00e4llet kan det visa sig vara ett dr\u00f6mbesked f\u00f6r bland annat svensklaget Heroic som \u00e4r ett av lagen som k\u00e4mpar f\u00f6r majorkvalificering.<\/p>\n<p>Virtus Pro ersattes av Ence.<\/p>\n<p><strong>F\u00f6lj Expressen E-sport p\u00e5 <\/strong><a href=\"https:\/\/www.youtube.com\/@Expressen-esport\" rel=\"nofollow noopener\" target=\"_blank\"><strong>Youtube<\/strong><\/a><strong> och <\/strong><a href=\"https:\/\/twitter.com\/ESportExpressen\" rel=\"nofollow noopener\" target=\"_blank\"><strong>X<\/strong><\/a><strong>!<\/strong><\/p>\n<p><script async src=\"https:\/\/platform.twitter.com\/widgets.js\" charset=\"utf-8\"><\/script><\/p>\n","protected":false},"excerpt":{"rendered":"Publicerad 28 sep 2025 kl 11.35Uppdaterad kl 11.49 Ryska storlaget Virtus Pro stoppades vid svenska gr\u00e4nsen. Nu kommer&hellip;\n","protected":false},"author":2,"featured_media":41816,"comment_status":"","ping_status":"","sticky":false,"template":"","format":"standard","meta":{"footnotes":""},"categories":[68],"tags":[2441,2440,34,755,111,110,31,33,32,30],"class_list":{"0":"post-41815","1":"post","2":"type-post","3":"status-publish","4":"format-standard","5":"has-post-thumbnail","7":"category-sport","8":"tag-organization-counter-strike","9":"tag-organization-cs2","10":"tag-se","11":"tag-sections-esport","12":"tag-sport","13":"tag-sports","14":"tag-svenska","15":"tag-sverige","16":"tag-sweden","17":"tag-swedish"},"share_on_mastodon":{"url":"","error":""},"_links":{"self":[{"href":"https:\/\/www.europesays.com\/se\/wp-json\/wp\/v2\/posts\/41815","targetHints":{"allow":["GET"]}}],"collection":[{"href":"https:\/\/www.europesays.com\/se\/wp-json\/wp\/v2\/posts"}],"about":[{"href":"https:\/\/www.europesays.com\/se\/wp-json\/wp\/v2\/types\/post"}],"author":[{"embeddable":true,"href":"https:\/\/www.europesays.com\/se\/wp-json\/wp\/v2\/users\/2"}],"replies":[{"embeddable":true,"href":"https:\/\/www.europesays.com\/se\/wp-json\/wp\/v2\/comments?post=41815"}],"version-history":[{"count":0,"href":"https:\/\/www.europesays.com\/se\/wp-json\/wp\/v2\/posts\/41815\/revisions"}],"wp:featuredmedia":[{"embeddable":true,"href":"https:\/\/www.europesays.com\/se\/wp-json\/wp\/v2\/media\/41816"}],"wp:attachment":[{"href":"https:\/\/www.europesays.com\/se\/wp-json\/wp\/v2\/media?parent=41815"}],"wp:term":[{"taxonomy":"category","embeddable":true,"href":"https:\/\/www.europesays.com\/se\/wp-json\/wp\/v2\/categories?post=41815"},{"taxonomy":"post_tag","embeddable":true,"href":"https:\/\/www.europesays.com\/se\/wp-json\/wp\/v2\/tags?post=41815"}],"curies":[{"name":"wp","href":"https:\/\/api.w.org\/{rel}","templated":true}]}}