{"id":41919,"date":"2025-09-28T17:10:20","date_gmt":"2025-09-28T17:10:20","guid":{"rendered":"https:\/\/www.europesays.com\/se\/41919\/"},"modified":"2025-09-28T17:10:20","modified_gmt":"2025-09-28T17:10:20","slug":"mordaren-gudmundur-mogensen-i-avicii-video","status":"publish","type":"post","link":"https:\/\/www.europesays.com\/se\/41919\/","title":{"rendered":"M\u00f6rdaren Gudmundur Mogensen i Avicii-video"},"content":{"rendered":"<p>Publicerad 28 sep 2025 kl 05.00Uppdaterad kl 09.53<\/p>\n<p>PremiumGudmundur Mogensen, 41, har erk\u00e4nt mordet p\u00e5 en g\u00e4ngmans mamma i Akalla \u2013 och misst\u00e4nks tidigare samma dag ha f\u00f6rs\u00f6kt m\u00f6rda en annan.<\/p>\n<p>Hans livsresa \u2013 fr\u00e5n tiden d\u00e5 han var huvudkarakt\u00e4r i en musikvideo av Avicii och v\u00e4lk\u00e4nd indieprofil i Stockholmskretsar till r\u00e4ttssalen \u2013 \u00e4r l\u00e5ng. \u00a0<\/p>\n<p><img   alt=\"\"\/><\/p>\n<p>Gudmundur Mogensen har medverkat i en Avicii-video och var f\u00f6r ett antal \u00e5r sen en v\u00e4lk\u00e4nd profil inom indiev\u00e4rlden i Stockholm.<\/p>\n<p>Foto: Polisen<\/p>\n<p>\u00d6ppna bild i helsk\u00e4rm<\/p>\n","protected":false},"excerpt":{"rendered":"Publicerad 28 sep 2025 kl 05.00Uppdaterad kl 09.53 PremiumGudmundur Mogensen, 41, har erk\u00e4nt mordet p\u00e5 en g\u00e4ngmans mamma&hellip;\n","protected":false},"author":2,"featured_media":41920,"comment_status":"","ping_status":"","sticky":false,"template":"","format":"standard","meta":{"footnotes":""},"categories":[12],"tags":[22,23,26,27,17,21,24,25,28,29,15,16,4323,103,18,34,666,31,33,32,30,19,668,136,436,20],"class_list":{"0":"post-41919","1":"post","2":"type-post","3":"status-publish","4":"format-standard","5":"has-post-thumbnail","7":"category-sverige","8":"tag-breaking-news","9":"tag-breakingnews","10":"tag-featured-news","11":"tag-featurednews","12":"tag-headlines","13":"tag-huvudnyheter","14":"tag-latest-news","15":"tag-latestnews","16":"tag-main-news","17":"tag-mainnews","18":"tag-news","19":"tag-nyheter","20":"tag-person-avicii","21":"tag-premium","22":"tag-rubriker","23":"tag-se","24":"tag-sections-krim","25":"tag-svenska","26":"tag-sverige","27":"tag-sweden","28":"tag-swedish","29":"tag-top-stories","30":"tag-topic-gangkriminalitet","31":"tag-topic-rattegangar-domar","32":"tag-topic-valdsbrott-mord","33":"tag-topstories"},"share_on_mastodon":{"url":"","error":""},"_links":{"self":[{"href":"https:\/\/www.europesays.com\/se\/wp-json\/wp\/v2\/posts\/41919","targetHints":{"allow":["GET"]}}],"collection":[{"href":"https:\/\/www.europesays.com\/se\/wp-json\/wp\/v2\/posts"}],"about":[{"href":"https:\/\/www.europesays.com\/se\/wp-json\/wp\/v2\/types\/post"}],"author":[{"embeddable":true,"href":"https:\/\/www.europesays.com\/se\/wp-json\/wp\/v2\/users\/2"}],"replies":[{"embeddable":true,"href":"https:\/\/www.europesays.com\/se\/wp-json\/wp\/v2\/comments?post=41919"}],"version-history":[{"count":0,"href":"https:\/\/www.europesays.com\/se\/wp-json\/wp\/v2\/posts\/41919\/revisions"}],"wp:featuredmedia":[{"embeddable":true,"href":"https:\/\/www.europesays.com\/se\/wp-json\/wp\/v2\/media\/41920"}],"wp:attachment":[{"href":"https:\/\/www.europesays.com\/se\/wp-json\/wp\/v2\/media?parent=41919"}],"wp:term":[{"taxonomy":"category","embeddable":true,"href":"https:\/\/www.europesays.com\/se\/wp-json\/wp\/v2\/categories?post=41919"},{"taxonomy":"post_tag","embeddable":true,"href":"https:\/\/www.europesays.com\/se\/wp-json\/wp\/v2\/tags?post=41919"}],"curies":[{"name":"wp","href":"https:\/\/api.w.org\/{rel}","templated":true}]}}