{"id":41951,"date":"2025-09-28T17:46:09","date_gmt":"2025-09-28T17:46:09","guid":{"rendered":"https:\/\/www.europesays.com\/se\/41951\/"},"modified":"2025-09-28T17:46:09","modified_gmt":"2025-09-28T17:46:09","slug":"trump-toppchefen-pa-microsoft-maste-bort","status":"publish","type":"post","link":"https:\/\/www.europesays.com\/se\/41951\/","title":{"rendered":"Trump: Toppchefen p\u00e5 Microsoft m\u00e5ste bort"},"content":{"rendered":"<p>I ett ov\u00e4ntat utspel riktar president <strong>Donald Trump<\/strong> skarp kritik mot teknikj\u00e4tten Microsoft och kr\u00e4ver att f\u00f6retagets chef f\u00f6r globala aff\u00e4rer, <strong>Lisa Monaco<\/strong>, omedelbart f\u00e5r sparken. <\/p>\n<p>Det hela grundar sig i Monacos tidigare roller inom de demokratiska administrationerna, vilket Trump menar utg\u00f6r en risk f\u00f6r USA:s nationella s\u00e4kerhet. <\/p>\n<p>Hennes tillg\u00e5ng till k\u00e4nslig information i hennes nuvarande position beskrivs som oacceptabel, s\u00e4rskilt med tanke p\u00e5 Microsofts stora kontrakt med den amerikanska regeringen, skriver <a href=\"https:\/\/techcrunch.com\/2025\/09\/27\/trump-demands-microsoft-fire-global-affairs-head-lisa-monaco\/\" rel=\"nofollow noopener\" target=\"_blank\">TechCrunch<\/a>.<\/p>\n<p>Ett nytt m\u00e5l f\u00f6r presidentens vrede<\/p>\n<p>Den senaste kontroversen involverar den f\u00f6re detta vice justitieministern Monaco, som i maj anst\u00e4lldes av Microsoft som chef f\u00f6r globala aff\u00e4rer. <\/p>\n<p><img loading=\"lazy\" decoding=\"async\" width=\"1024\" height=\"512\" src=\"https:\/\/www.europesays.com\/se\/wp-content\/uploads\/2025\/09\/Alex-Brandon-1024x512.png\" alt=\"Donald Trump uppmanar Microsoft att 'omedelbart avsluta anst\u00e4llningen av Lisa Monaco'. (Foto: Alex Brandon\/AP\/TT)\" class=\"wp-image-1564301\"  \/>Donald Trump uppmanar Microsoft att \u2018omedelbart avsluta anst\u00e4llningen av Lisa Monaco\u2019. (Foto: Alex Brandon\/AP\/TT)<\/p>\n<p>Monaco har en l\u00e5ng karri\u00e4r inom den amerikanska statsmakten bakom sig, bland annat som r\u00e5dgivare f\u00f6r nationell s\u00e4kerhet under president <strong>Barack Obama<\/strong> och senast som vice justitieminister under <strong>Joe Bidens<\/strong> administration. <\/p>\n<p>Hennes uppdrag p\u00e5 Microsoft \u00e4r att \u00f6vervaka f\u00f6retagets cybers\u00e4kerhetspolicy och relationer med v\u00e4rldens regeringar.<\/p>\n<p>Trump har i ett inl\u00e4gg p\u00e5 sin plattform <a href=\"https:\/\/truthsocial.com\/@realDonaldTrump\/posts\/115272758814629814\" rel=\"nofollow noopener\" target=\"_blank\">Truth Social<\/a> uttryckt en stark \u00e5sikt om rekryteringen. Han kallar Monaco f\u00f6r \u2018en fara f\u00f6r USA:s nationella s\u00e4kerhet\u2019 och h\u00e4vdar att hennes nuvarande roll ger henne tillg\u00e5ng till \u2018h\u00f6gst k\u00e4nslig information\u2019, n\u00e5got han anser vara oacceptabelt. <\/p>\n<p>Han uppmanar Microsoft att \u2018omedelbart avsluta anst\u00e4llningen av Lisa Monaco\u2019.<\/p>\n<p><a href=\"https:\/\/truthsocial.com\/@realDonaldTrump\/posts\/115272758814629814\" rel=\"nofollow noopener\" target=\"_blank\"><img loading=\"lazy\" decoding=\"async\" width=\"866\" height=\"1024\" src=\"https:\/\/www.europesays.com\/se\/wp-content\/uploads\/2025\/09\/Skarmavbild-2025-09-28-kl.-19.08.38-866x1024.png\" alt=\"\" class=\"wp-image-1564303\"  \/><\/a><a href=\"https:\/\/truthsocial.com\/@realDonaldTrump\/posts\/115272758814629814\" rel=\"nofollow noopener\" target=\"_blank\">Truth social<\/a><\/p>\n","protected":false},"excerpt":{"rendered":"I ett ov\u00e4ntat utspel riktar president Donald Trump skarp kritik mot teknikj\u00e4tten Microsoft och kr\u00e4ver att f\u00f6retagets chef&hellip;\n","protected":false},"author":2,"featured_media":41952,"comment_status":"","ping_status":"","sticky":false,"template":"","format":"standard","meta":{"footnotes":""},"categories":[65],"tags":[735,72,385,70,71,34,31,33,32,30,1024],"class_list":{"0":"post-41951","1":"post","2":"type-post","3":"status-publish","4":"format-standard","5":"has-post-thumbnail","7":"category-ekonomi","8":"tag-microsoft","9":"tag-business","10":"tag-donald-trump","11":"tag-economy","12":"tag-ekonomi","13":"tag-se","14":"tag-svenska","15":"tag-sverige","16":"tag-sweden","17":"tag-swedish","18":"tag-trump"},"share_on_mastodon":{"url":"","error":""},"_links":{"self":[{"href":"https:\/\/www.europesays.com\/se\/wp-json\/wp\/v2\/posts\/41951","targetHints":{"allow":["GET"]}}],"collection":[{"href":"https:\/\/www.europesays.com\/se\/wp-json\/wp\/v2\/posts"}],"about":[{"href":"https:\/\/www.europesays.com\/se\/wp-json\/wp\/v2\/types\/post"}],"author":[{"embeddable":true,"href":"https:\/\/www.europesays.com\/se\/wp-json\/wp\/v2\/users\/2"}],"replies":[{"embeddable":true,"href":"https:\/\/www.europesays.com\/se\/wp-json\/wp\/v2\/comments?post=41951"}],"version-history":[{"count":0,"href":"https:\/\/www.europesays.com\/se\/wp-json\/wp\/v2\/posts\/41951\/revisions"}],"wp:featuredmedia":[{"embeddable":true,"href":"https:\/\/www.europesays.com\/se\/wp-json\/wp\/v2\/media\/41952"}],"wp:attachment":[{"href":"https:\/\/www.europesays.com\/se\/wp-json\/wp\/v2\/media?parent=41951"}],"wp:term":[{"taxonomy":"category","embeddable":true,"href":"https:\/\/www.europesays.com\/se\/wp-json\/wp\/v2\/categories?post=41951"},{"taxonomy":"post_tag","embeddable":true,"href":"https:\/\/www.europesays.com\/se\/wp-json\/wp\/v2\/tags?post=41951"}],"curies":[{"name":"wp","href":"https:\/\/api.w.org\/{rel}","templated":true}]}}