{"id":41957,"date":"2025-09-28T17:49:33","date_gmt":"2025-09-28T17:49:33","guid":{"rendered":"https:\/\/www.europesays.com\/se\/41957\/"},"modified":"2025-09-28T17:49:33","modified_gmt":"2025-09-28T17:49:33","slug":"det-gick-pa-tok-pourmokhtari","status":"publish","type":"post","link":"https:\/\/www.europesays.com\/se\/41957\/","title":{"rendered":"Det gick p\u00e5 tok, Pourmokhtari"},"content":{"rendered":"<p>Att leva \u00e4r att s\u00e4tta sig i skuld, att f\u00f6rst\u00e5 att man \u00e4ger skuld och vara beredd ta den p\u00e5 sig.<\/p>\n<p>Jonas Gardell uppmanar Romina Pourmokhtari att avg\u00e5. \u00a0<\/p>\n<p><img   alt=\"\"\/><\/p>\n<p>Avf\u00e4rdar avg\u00e5ngskraven. Klimatminister Romina Pourmokhtari lovade att avg\u00e5 om utsl\u00e4ppen \u00f6kade och klimatm\u00e5len missades under hennes ministertid.<\/p>\n<p>Foto: Anders Wiklund\/TT<\/p>\n<p>\u00d6ppna bild i helsk\u00e4rm<img loading=\"lazy\"   alt=\"\"\/><\/p>\n<p>Jonas Gardell \u00e4r f\u00f6rfattare och medarbetare p\u00e5 Expressen Kultur.<\/p>\n<p>Foto: OLLE SPORRONG<\/p>\n<p>\u00d6ppna bild i helsk\u00e4rm<img   alt=\"\"\/>Jonas Gardell<\/p>\n<p><strong>KOMMENTAR. <\/strong>V\u00e5r tids r\u00e4dsla f\u00f6r skuld \u00e4r intressant. Gamla statsministern <strong>G\u00f6ran Persson<\/strong> skrev en g\u00e5ng bok som hette \u201dDen som \u00e4r satt i skuld \u00e4r icke fri\u201d, f\u00f6r \u00f6vrigt ett citat fr\u00e5n <strong>Ernst Wigforss<\/strong>.\u00a0<\/p>\n<p>Jag tror inte att det st\u00e4mmer. F\u00f6r p\u00e5 samma g\u00e5ng kan man faktiskt p\u00e5st\u00e5 att den som icke \u00e4r beredd att s\u00e4tta sig i skuld tar aldrig n\u00e5got ansvar.<\/p>\n<p>Att leva \u00e4r att s\u00e4tta sig i skuld, att f\u00f6rst\u00e5 att man \u00e4ger skuld och vara beredd ta den p\u00e5 sig.<\/p>\n<p>Ta konsekvenserna av det som gick p\u00e5 tok.<\/p>\n<p>Jag kommer att t\u00e4nka p\u00e5 det nu i dagarna n\u00e4r Socialdemokraterna kr\u00e4vt att klimatminister <strong>Romina Pourmokhtari <\/strong>ska avg\u00e5 eftersom hon faktiskt lovat att g\u00f6ra det om utsl\u00e4ppen \u00f6kade, och klimatministern slagit ifr\u00e5n sig och sagt att det t\u00e4nker hon inte alls.<\/p>\n<p>F\u00f6rsta g\u00e5ngen jag st\u00f6tte p\u00e5 <a href=\"https:\/\/www.expressen.se\/tagg\/person\/romina-pourmokhtari\/\" class=\"\" rel=\"nofollow noopener\" target=\"_blank\">Romina Pourmokhtari<\/a> var p\u00e5 en riksdagskonferens om hedersv\u00e5ld och HBTQ som Regnb\u00e5gsfonden och Gapf arrangerade f\u00f6r ett antal \u00e5r sedan. Pourmokhtari var d\u00e5 ordf\u00f6rande f\u00f6r Luf. Man studsade till inf\u00f6r hennes raka stil och tydlighet, det h\u00e4r var en person som inte darrade p\u00e5 manschetten eller tvekade att s\u00e4ga sin mening.<\/p>\n<p>En s\u00e5dan h\u00e5llning kan man ha f\u00f6r att man f\u00f6ljer sin \u00f6vertygelse. D\u00e5 \u00e4r den beundransv\u00e4rd.<\/p>\n<p>Men man kan ocks\u00e5 ha en s\u00e5dan kompromissl\u00f6s h\u00e5llning f\u00f6r att man inte kan erk\u00e4nna att man misslyckats. D\u00e5 \u00e4r den bekl\u00e4mmande.<\/p>\n<blockquote><p>Punkt slut. Mycket tydligare kan man inte g\u00e4rna vara.<\/p><\/blockquote>\n<p>Inte minst var Pourmokhtari som Luf-ordf\u00f6rande tydlig g\u00e4llande SD: \u201dLiberalerna ska inte f\u00f6ra samtal, samarbeta eller st\u00f6dja regeringar som samarbetar med SD\u201d, sa hon.<\/p>\n<p>Punkt slut. Mycket tydligare kan man inte g\u00e4rna vara.<\/p>\n<p>D\u00e4rf\u00f6r var det m\u00e5nga med mig som blev f\u00f6rv\u00e5nade \u00f6ver att hon inte bara var villig att st\u00f6dja utan ocks\u00e5 valde att ing\u00e5 i en regering som gjorde just det, samarbetade med SD.<\/p>\n<p>Men n\u00e4r hon accepterade ministerposten svarade hon p\u00e5 kritiken genom att utan att tveka eller flacka med blicken lova att hon personligen skulle st\u00e5 som garant f\u00f6r att landets klimatpolitik gick \u00e5t r\u00e4tt h\u00e5ll, f\u00f6r liksom en g\u00e5ng statsminister <strong>Torbj\u00f6rn F\u00e4lldin<\/strong> skulle hon icke dagtinga med sitt samvete. P\u00e5 det kunde vi lita.\u00a0<\/p>\n<p>Klimatminister Romina Pourmokhtari har sedan dess g\u00e5ng p\u00e5 g\u00e5ng faktiskt lovat att avg\u00e5 om utsl\u00e4ppen \u00f6kade och klimatm\u00e5len missades under hennes ministertid.<\/p>\n<p>Sedan dess har utsl\u00e4ppen \u00f6kat och klimatm\u00e5len missats.<\/p>\n<p>Men Romina Pourmokhtari avg\u00e5r f\u00f6rst\u00e5s inte.<\/p>\n<p>Vad fanken trodde vi?<\/p>\n<p>Att en liberal skulle vara rakryggad?\u00a0<\/p>\n<p><img loading=\"lazy\"   alt=\"\"\/><\/p>\n<p>Regeringsbildningen. Johan Pehrson (L), Jimmie \u00c5kesson (SD), Ulf Kristersson (M) och Ebba Busch (KD).<\/p>\n<p>Foto: Jessica Gow\/TT<\/p>\n<p>\u00d6ppna bild i helsk\u00e4rm<\/p>\n<p>F\u00f6r att kunna vara rakryggad kr\u00e4vs en ryggrad. Och de verkar onekligen ha opererats bort p\u00e5 de flesta liberaler efter f\u00f6rra valet f\u00f6r att m\u00f6jligg\u00f6ra regeringsbildningen.<\/p>\n<p>S\u00e4kert fick de n\u00e5gon form av m\u00e4ngdrabatt.<\/p>\n<p>Annons<\/p>\n<p>Jag kan verkligen s\u00f6rja Liberalerna och hur de p\u00e5 riksniv\u00e5 g\u00e5tt s\u00e5 fullst\u00e4ndigt vilse.\u00a0<\/p>\n<p>Och jag \u00e4r inte ensam. Jag har pratat med ledande liberaler som mellan sk\u00e5l och v\u00e4gg viskande erk\u00e4nt att de inte ens sj\u00e4lva kommer r\u00f6sta p\u00e5 partiet i det kommande valet.<\/p>\n<p>Romina Pourmokhtari avf\u00e4rdar nu avg\u00e5ngskraven och tycker i st\u00e4llet att det vore \u201dkl\u00e4dsamt\u201d om sossarna m\u00f6tte henne i en tv-debatt.<\/p>\n<p>Men det var liksom inte s\u00e5 hennes l\u00f6fte l\u00f6d. Hennes utf\u00e4stelse var inte: \u201dOm utsl\u00e4ppen \u00f6kar och vi missar klimatm\u00e5len lovar jag h\u00f6gtidligt att m\u00f6ta Socialdemokraterna i en tv-debatt\u201d.<\/p>\n<blockquote><p>N\u00e4rmast n\u00f6jd med att han lyckats med bluffen och att vi andra fick skylla oss sj\u00e4lva om vi var s\u00e5 dumma att vi gick p\u00e5 den.<\/p><\/blockquote>\n<p>Under den store ledaren <strong>Johan Pehrson<\/strong> inleddes det fria fallet f\u00f6r Liberalerna. Om ni kommer ih\u00e5g honom fortfarande? Han som erk\u00e4nde att det var sj\u00e4lvklart att s\u00e4ga en sak f\u00f6re ett val och en annan sak efter ett val. Och rodnade inte det minsta.<\/p>\n<p>N\u00e4rmast n\u00f6jd med att han lyckats med bluffen och att vi andra fick skylla oss sj\u00e4lva om vi var s\u00e5 dumma att vi gick p\u00e5 den.<\/p>\n<p>I en kr\u00f6nika i <a href=\"https:\/\/www.svd.se\/a\/dRe0yq\/hemligheten-bakom-sjalslig-harmoni\" rel=\"nofollow noopener\" target=\"_blank\">SvD i somras<\/a> (28\/7) skrev <strong>Ann Heberlein<\/strong> att \u201dskuld och \u00e5nger fyller en funktion i individens utveckling mot en moralisk identitet, p\u00e5 v\u00e4gen mot att bli den m\u00e4nniska man vill vara.\u201d<\/p>\n<p>Jag tror att Heberlein har r\u00e4tt.\u00a0<\/p>\n<p>Det g\u00e5r inte att undvika skuld. Det \u00e4r inte heller \u00f6nskv\u00e4rt. Tv\u00e4rtom \u00e4r skuld n\u00e5got varje m\u00e4nniska med \u00f6ppna \u00f6gon m\u00e5ste dra p\u00e5 sig emellan\u00e5t f\u00f6r att n\u00e5 n\u00e5gonstans.<\/p>\n<p>Det fina med skuld \u00e4r att den \u2013 till skillnad fr\u00e5n skam \u2013 g\u00e5r att betala av och sedan vara fri fr\u00e5n. I Romina Pourmokhtaris fall skulle det inneb\u00e4ra att v\u00e5ga acceptera b\u00e5de sitt misslyckande och ta sitt ansvar f\u00f6r det misslyckandet.<\/p>\n<p>Det skulle inte nedv\u00e4rdera henne. Tv\u00e4rtom. Det skulle \u00e5terge henne respekten och ge henne en chans att i lugn och ro utv\u00e4rdera och omkalibrera sig efter de senaste \u00e5rens g\u00e5ende i spagat \u2013 som hon sj\u00e4lv uttryckt det.<\/p>\n<p>Politiker kan ibland anv\u00e4nda uttrycket \u201dl\u00e5t mig vara riktigt tydlig\u201d och sedan s\u00e4nka r\u00f6sten, titta rakt i kameran och tala direkt till oss v\u00e4ljare. S\u00e5 l\u00e5t mig g\u00f6ra samma sak, l\u00e5t mig vara riktigt tydlig: Romina Pourmokhtari! Du g\u00f6r inte klimatet n\u00e5gon tj\u00e4nst. Du g\u00f6r inte ditt parti n\u00e5gon tj\u00e4nst. Du g\u00f6r inte Sverige n\u00e5gon tj\u00e4nst.<\/p>\n<p>Det gick p\u00e5 tok. Jag tror inte du avs\u00e5g det men det gjorde det.<\/p>\n<p>Avg\u00e5. L\u00e4r dig av misstagen. Vem vet, det skulle kanske rentav kunna g\u00f6ra dig till en riktigt bra partiledare om n\u00e5gra \u00e5r.<\/p>\n<p>Om nu partiet finns kvar.\u00a0<\/p>\n<p>Jonas Gardell \u00e4r f\u00f6rfattare och medarbetare p\u00e5 Expressen Kultur.<\/p>\n","protected":false},"excerpt":{"rendered":"Att leva \u00e4r att s\u00e4tta sig i skuld, att f\u00f6rst\u00e5 att man \u00e4ger skuld och vara beredd ta&hellip;\n","protected":false},"author":2,"featured_media":41958,"comment_status":"","ping_status":"","sticky":false,"template":"","format":"standard","meta":{"footnotes":""},"categories":[5],"tags":[22,23,26,27,17,21,24,25,28,29,15,16,3755,618,4324,2037,2567,224,18,34,2566,31,33,32,30,19,152,225,20],"class_list":{"0":"post-41957","1":"post","2":"type-post","3":"status-publish","4":"format-standard","5":"has-post-thumbnail","7":"category-rubriker","8":"tag-breaking-news","9":"tag-breakingnews","10":"tag-featured-news","11":"tag-featurednews","12":"tag-headlines","13":"tag-huvudnyheter","14":"tag-latest-news","15":"tag-latestnews","16":"tag-main-news","17":"tag-mainnews","18":"tag-news","19":"tag-nyheter","20":"tag-organization-expressen-kultur","21":"tag-organization-liberalerna","22":"tag-organization-luf","23":"tag-person-johan-pehrson","24":"tag-person-jonas-gardell","25":"tag-person-romina-pourmokhtari","26":"tag-rubriker","27":"tag-se","28":"tag-sections-jonasgardell","29":"tag-svenska","30":"tag-sverige","31":"tag-sweden","32":"tag-swedish","33":"tag-top-stories","34":"tag-topic-inrikespolitik","35":"tag-topic-klimat-miljo","36":"tag-topstories"},"share_on_mastodon":{"url":"","error":""},"_links":{"self":[{"href":"https:\/\/www.europesays.com\/se\/wp-json\/wp\/v2\/posts\/41957","targetHints":{"allow":["GET"]}}],"collection":[{"href":"https:\/\/www.europesays.com\/se\/wp-json\/wp\/v2\/posts"}],"about":[{"href":"https:\/\/www.europesays.com\/se\/wp-json\/wp\/v2\/types\/post"}],"author":[{"embeddable":true,"href":"https:\/\/www.europesays.com\/se\/wp-json\/wp\/v2\/users\/2"}],"replies":[{"embeddable":true,"href":"https:\/\/www.europesays.com\/se\/wp-json\/wp\/v2\/comments?post=41957"}],"version-history":[{"count":0,"href":"https:\/\/www.europesays.com\/se\/wp-json\/wp\/v2\/posts\/41957\/revisions"}],"wp:featuredmedia":[{"embeddable":true,"href":"https:\/\/www.europesays.com\/se\/wp-json\/wp\/v2\/media\/41958"}],"wp:attachment":[{"href":"https:\/\/www.europesays.com\/se\/wp-json\/wp\/v2\/media?parent=41957"}],"wp:term":[{"taxonomy":"category","embeddable":true,"href":"https:\/\/www.europesays.com\/se\/wp-json\/wp\/v2\/categories?post=41957"},{"taxonomy":"post_tag","embeddable":true,"href":"https:\/\/www.europesays.com\/se\/wp-json\/wp\/v2\/tags?post=41957"}],"curies":[{"name":"wp","href":"https:\/\/api.w.org\/{rel}","templated":true}]}}