{"id":41991,"date":"2025-09-28T18:34:08","date_gmt":"2025-09-28T18:34:08","guid":{"rendered":"https:\/\/www.europesays.com\/se\/41991\/"},"modified":"2025-09-28T18:34:08","modified_gmt":"2025-09-28T18:34:08","slug":"phillipe-cohen-och-rebecca-lindbergh-ska-fa-barn","status":"publish","type":"post","link":"https:\/\/www.europesays.com\/se\/41991\/","title":{"rendered":"Phillipe Cohen och Rebecca Lindbergh ska f\u00e5 barn"},"content":{"rendered":"<p>Publicerad 28 sep 2025 kl 20.12<\/p>\n<p>Kr\u00f6garen och matprofilen Phillipe Cohen v\u00e4ntar barn ihop med flickv\u00e4nnen och influencern Rebecca Lindbergh Thor.<\/p>\n<p>Det ber\u00e4ttar de p\u00e5 Instagram och postar bilder p\u00e5 b\u00e5de ultraljud och gravidmage.<\/p>\n<p>Senaste klippen fr\u00e5n Expressen inom n\u00f6je.<img   alt=\"\"\/><\/p>\n<p>Philippe Cohen och Rebecca Lindbergh Thor ska bli f\u00f6r\u00e4ldrar.<\/p>\n<p>Foto: Instagram<\/p>\n<p>\u00d6ppna bild i helsk\u00e4rm<img loading=\"lazy\"   alt=\"\"\/><\/p>\n<p>P\u00e5 Instagram visar de upp gravidlyckan.<\/p>\n<p>Foto: Instagram<\/p>\n<p>\u00d6ppna bild i helsk\u00e4rm<img loading=\"lazy\"   alt=\"\"\/><\/p>\n<p>Philippe Cohen var tidigare tillsammans med Bianca Ingrosso.<\/p>\n<p>Foto: Karin T\u00f6rnblom \/ IBL<\/p>\n<p>\u00d6ppna bild i helsk\u00e4rm<img loading=\"lazy\"   alt=\"\"\/><\/p>\n<p>Ingrosso och Cohen tillsammans i samband med \u201dLet&#8217;s dance\u201d<\/p>\n<p>Foto: OLLE SPORRONG<\/p>\n<p>\u00d6ppna bild i helsk\u00e4rm<\/p>\n<p>\u201dVi l\u00e4ngtar efter dig lillebror\u201d, skriver paret i en gemensam post p\u00e5 Instagram, d\u00e4r deras hund Ted h\u00e5ller ultraljudsbilden i munnen.<\/p>\n<p>I bildspelet syns \u00e4ven en bild p\u00e5 f\u00f6r\u00e4ldraskapsb\u00f6cker och en video p\u00e5 den sparkande bebisen inne i Rebeccas mage.<\/p>\n<p>Till posten str\u00f6mmar lyck\u00f6nskningarna och kommentarerna in. Det \u00e4r mycket hj\u00e4rtan och gratulationer och bland annat Benjamin och Oliver Ingrosso har gillat inl\u00e4gget.<\/p>\n<p><a href=\"https:\/\/www.expressen.se\/tagg\/person\/phillipe-cohen\/\" class=\"\" rel=\"nofollow noopener\" target=\"_blank\">Phillipe Cohen<\/a>, 31, driver en pastarestaurang som finns i b\u00e5de Stockholm och G\u00f6teborg. Han blev \u00e4ven ett v\u00e4lk\u00e4nt namn delvis genom relationen med entrepren\u00f6ren och influencern Bianca Ingrosso, en relation som p\u00e5gick till och fr\u00e5n under flera \u00e5r.<\/p>\n<p><a href=\"https:\/\/www.instagram.com\/p\/DPJu8paDDqV\/?hl=sv&amp;img_index=1\" data-provider=\"instagram\" class=\"js-social-embed\" rel=\"nofollow noopener\" target=\"_blank\">https:\/\/www.instagram.com\/p\/DPJu8paDDqV\/?hl=sv&amp;img_index=1<\/a><script async src=\"\/\/www.instagram.com\/embed.js\"><\/script><\/p>\n","protected":false},"excerpt":{"rendered":"Publicerad 28 sep 2025 kl 20.12 Kr\u00f6garen och matprofilen Phillipe Cohen v\u00e4ntar barn ihop med flickv\u00e4nnen och influencern&hellip;\n","protected":false},"author":2,"featured_media":41992,"comment_status":"","ping_status":"","sticky":false,"template":"","format":"standard","meta":{"footnotes":""},"categories":[67],"tags":[104,580,4331,34,31,33,32,30,687,428,310,105],"class_list":{"0":"post-41991","1":"post","2":"type-post","3":"status-publish","4":"format-standard","5":"has-post-thumbnail","7":"category-underhallning","8":"tag-entertainment","9":"tag-person-bianca-ingrosso","10":"tag-person-phillipe-cohen","11":"tag-se","12":"tag-svenska","13":"tag-sverige","14":"tag-sweden","15":"tag-swedish","16":"tag-topic-graviditet","17":"tag-topic-influencers","18":"tag-topic-kandisar","19":"tag-underhallning"},"share_on_mastodon":{"url":"","error":""},"_links":{"self":[{"href":"https:\/\/www.europesays.com\/se\/wp-json\/wp\/v2\/posts\/41991","targetHints":{"allow":["GET"]}}],"collection":[{"href":"https:\/\/www.europesays.com\/se\/wp-json\/wp\/v2\/posts"}],"about":[{"href":"https:\/\/www.europesays.com\/se\/wp-json\/wp\/v2\/types\/post"}],"author":[{"embeddable":true,"href":"https:\/\/www.europesays.com\/se\/wp-json\/wp\/v2\/users\/2"}],"replies":[{"embeddable":true,"href":"https:\/\/www.europesays.com\/se\/wp-json\/wp\/v2\/comments?post=41991"}],"version-history":[{"count":0,"href":"https:\/\/www.europesays.com\/se\/wp-json\/wp\/v2\/posts\/41991\/revisions"}],"wp:featuredmedia":[{"embeddable":true,"href":"https:\/\/www.europesays.com\/se\/wp-json\/wp\/v2\/media\/41992"}],"wp:attachment":[{"href":"https:\/\/www.europesays.com\/se\/wp-json\/wp\/v2\/media?parent=41991"}],"wp:term":[{"taxonomy":"category","embeddable":true,"href":"https:\/\/www.europesays.com\/se\/wp-json\/wp\/v2\/categories?post=41991"},{"taxonomy":"post_tag","embeddable":true,"href":"https:\/\/www.europesays.com\/se\/wp-json\/wp\/v2\/tags?post=41991"}],"curies":[{"name":"wp","href":"https:\/\/api.w.org\/{rel}","templated":true}]}}