{"id":42042,"date":"2025-09-28T20:07:20","date_gmt":"2025-09-28T20:07:20","guid":{"rendered":"https:\/\/www.europesays.com\/se\/42042\/"},"modified":"2025-09-28T20:07:20","modified_gmt":"2025-09-28T20:07:20","slug":"karnkraftverket-i-zaporizjzja-utan-el","status":"publish","type":"post","link":"https:\/\/www.europesays.com\/se\/42042\/","title":{"rendered":"K\u00e4rnkraftverket i Zaporizjzja utan el"},"content":{"rendered":"<p>Ukraina uppger att k\u00e4rnkraftverket i den av Ryssland ockuperade delen av Zaporizjzja har varit str\u00f6ml\u00f6st i fyra dagar.<\/p>\n<p>Senaste nyhetsklippen fr\u00e5n Expressen.<img   alt=\"\"\/><\/p>\n<p>K\u00e4rnkraftverket i Zaporizjzja. Arkivbild.<\/p>\n<p>Foto: AP \/ AP TT NYHETSBYR\u00c5N<\/p>\n<p>\u00d6ppna bild i helsk\u00e4rm<\/p>\n<p>Utrikesminister Andrij Sybiha uppmanar omv\u00e4rlden att pressa Moskva att v\u00e4rna s\u00e4kerheten i Europas st\u00f6rsta k\u00e4rnkraftverk.<\/p>\n<p>\u201dSom ett resultat av Rysslands agerande s\u00e5 har Zaporizjzjas k\u00e4rnkraftverk varit utan str\u00f6m\u201d, skriver Sybiha p\u00e5 X.<\/p>\n<p>FN:s atomenergiorgan IAEA har inte offentligt kommenterat uppgifterna.\u00a0<\/p>\n<p>I f\u00f6rra veckan kom uppgifter om en explosion i k\u00e4rnkraftverket, enligt <a href=\"https:\/\/www.expressen.se\/tagg\/location\/ukraina\/\" class=\"\" rel=\"nofollow noopener\" target=\"_blank\">Ukraina<\/a> skedde explosionen i samband med ett dr\u00f6narnedslag. Vittnesm\u00e5l talade ocks\u00e5 om att ryska stridsflyg flugit \u00f6ver omr\u00e5det, och att ett stridsplan hade skjutits ned.<\/p>\n<p>K\u00e4rnkraftverket i Zaporizjzja \u00e4r taget ur drift.<\/p>\n<p><img alt=\"\"\/>Ljudklippet gick inte att spela upp<\/p>\n<p>F\u00f6rs\u00f6k igen senare<\/p>\n","protected":false},"excerpt":{"rendered":"Ukraina uppger att k\u00e4rnkraftverket i den av Ryssland ockuperade delen av Zaporizjzja har varit str\u00f6ml\u00f6st i fyra dagar.&hellip;\n","protected":false},"author":2,"featured_media":42043,"comment_status":"","ping_status":"","sticky":false,"template":"","format":"standard","meta":{"footnotes":""},"categories":[14],"tags":[22,23,26,27,17,21,24,25,202,2340,28,29,15,276,16,18,34,55,31,33,32,30,19,1395,60,20,51,52,53,54],"class_list":{"0":"post-42042","1":"post","2":"type-post","3":"status-publish","4":"format-standard","5":"has-post-thumbnail","7":"category-varlden","8":"tag-breaking-news","9":"tag-breakingnews","10":"tag-featured-news","11":"tag-featurednews","12":"tag-headlines","13":"tag-huvudnyheter","14":"tag-latest-news","15":"tag-latestnews","16":"tag-location-ukraina","17":"tag-location-zaporizjzja","18":"tag-main-news","19":"tag-mainnews","20":"tag-news","21":"tag-newsstory-kriget-i-ukraina","22":"tag-nyheter","23":"tag-rubriker","24":"tag-se","25":"tag-sections-varlden","26":"tag-svenska","27":"tag-sverige","28":"tag-sweden","29":"tag-swedish","30":"tag-top-stories","31":"tag-topic-karnkraft","32":"tag-topic-krig-konflikt","33":"tag-topstories","34":"tag-varlden","35":"tag-world","36":"tag-world-news","37":"tag-worldnews"},"share_on_mastodon":{"url":"","error":""},"_links":{"self":[{"href":"https:\/\/www.europesays.com\/se\/wp-json\/wp\/v2\/posts\/42042","targetHints":{"allow":["GET"]}}],"collection":[{"href":"https:\/\/www.europesays.com\/se\/wp-json\/wp\/v2\/posts"}],"about":[{"href":"https:\/\/www.europesays.com\/se\/wp-json\/wp\/v2\/types\/post"}],"author":[{"embeddable":true,"href":"https:\/\/www.europesays.com\/se\/wp-json\/wp\/v2\/users\/2"}],"replies":[{"embeddable":true,"href":"https:\/\/www.europesays.com\/se\/wp-json\/wp\/v2\/comments?post=42042"}],"version-history":[{"count":0,"href":"https:\/\/www.europesays.com\/se\/wp-json\/wp\/v2\/posts\/42042\/revisions"}],"wp:featuredmedia":[{"embeddable":true,"href":"https:\/\/www.europesays.com\/se\/wp-json\/wp\/v2\/media\/42043"}],"wp:attachment":[{"href":"https:\/\/www.europesays.com\/se\/wp-json\/wp\/v2\/media?parent=42042"}],"wp:term":[{"taxonomy":"category","embeddable":true,"href":"https:\/\/www.europesays.com\/se\/wp-json\/wp\/v2\/categories?post=42042"},{"taxonomy":"post_tag","embeddable":true,"href":"https:\/\/www.europesays.com\/se\/wp-json\/wp\/v2\/tags?post=42042"}],"curies":[{"name":"wp","href":"https:\/\/api.w.org\/{rel}","templated":true}]}}