{"id":42046,"date":"2025-09-28T20:11:07","date_gmt":"2025-09-28T20:11:07","guid":{"rendered":"https:\/\/www.europesays.com\/se\/42046\/"},"modified":"2025-09-28T20:11:07","modified_gmt":"2025-09-28T20:11:07","slug":"allsvenskan-mff-hedrade-avlidne-supportern-adam","status":"publish","type":"post","link":"https:\/\/www.europesays.com\/se\/42046\/","title":{"rendered":"Allsvenskan \u2022 MFF hedrade avlidne supportern Adam"},"content":{"rendered":"<p>Publicerad 28 sep 2025 kl 20.56<\/p>\n<p>Malm\u00f6 FF vann mot V\u00e4rnamo.<\/p>\n<p>Segern till\u00e4gnas avlidne supportern Adam.<\/p>\n<p>\u2013 Det \u00e4r en sj\u00e4lvklarhet f\u00f6r mig och f\u00f6r oss, s\u00e4ger Pontus Jansson.<\/p>\n<p><img   alt=\"\"\/> <\/p>\n<p>Foto: Andreas Hillergren\/TT \/ TT NYHETSBYR\u00c5N \/ Andreas Hillergren<\/p>\n<p>\u00d6ppna bild i helsk\u00e4rm<img loading=\"lazy\"   alt=\"\"\/> <\/p>\n<p>Foto: Andreas Hillergren\/TT \/ TT NYHETSBYR\u00c5N \/ Andreas Hillergren<\/p>\n<p>\u00d6ppna bild i helsk\u00e4rm<img loading=\"lazy\"   alt=\"\"\/> <\/p>\n<p>Foto: PETTER ARVIDSON \/ BILDBYR\u00c5N<\/p>\n<p>\u00d6ppna bild i helsk\u00e4rm<\/p>\n<p>Emmanuel Ekong, Pontus Jansson och Anders Christiansen gjorde m\u00e5len n\u00e4r <a href=\"https:\/\/www.expressen.se\/tagg\/organization\/malmo-ff\/\" class=\"\" rel=\"nofollow noopener\" target=\"_blank\">Malm\u00f6 FF<\/a> vann med 3-2 mot IFK V\u00e4rnamo. Efter slutsignalen gick de fram till st\u00e5plats och tog tag i en banderoll tillsammans med sina lagkamrater.<\/p>\n<p>\u201dVila i frid Adam\u201d, stod det p\u00e5 den.<\/p>\n<p><img loading=\"lazy\"   alt=\"\"\/><\/p>\n<p>Spelarna hedrade Adam efter slutsignalen.<\/p>\n<p>Foto: LUDVIG THUNMAN \/ BILDBYR\u00c5N<\/p>\n<p>\u00d6ppna bild i helsk\u00e4rm<img loading=\"lazy\"   alt=\"\"\/> <\/p>\n<p>Foto: Andreas Hillergren\/TT<\/p>\n<p>\u00d6ppna bild i helsk\u00e4rm<\/p>\n<p>Supportern hedrades b\u00e5de inf\u00f6r, under och efter match med tifon, s\u00e5nger och banderoller.\u00a0<\/p>\n<p>\u201dDet \u00e4r med stor sorg vi har n\u00e5tts av beskedet att Adam, en sj\u00e4lvklar r\u00f6st och n\u00e4rvaro p\u00e5 v\u00e5r l\u00e4ktare, hastigt har g\u00e5tt bort. Adam l\u00e4mnade oss alldeles f\u00f6r tidigt och i en alldeles f\u00f6r ung \u00e5lder. Vi minns honom som en h\u00e4ngiven supporter, en v\u00e4n och en del av v\u00e5r gemenskap. V\u00e5ra tankar g\u00e5r till familjen i denna sv\u00e5ra stund. Adams minne kommer att hedras p\u00e5 s\u00f6ndagens hemmamatch mot V\u00e4rnamo. Flyg h\u00f6gt \u00f6ver molnen, broder!\u201d, skrev Instagramkontot Norra L\u00e4ktaren Malm\u00f6 tidigare i veckan.<\/p>\n<p><img loading=\"lazy\"   alt=\"\"\/><\/p>\n<p>Pontus Jansson.<\/p>\n<p>Foto: Johan Nilsson \/ TT \/ TT NYHETSBYR\u00c5N<\/p>\n<p>\u00d6ppna bild i helsk\u00e4rm<\/p>\n<p>Efter matchen var Pontus Jansson r\u00f6rd.<\/p>\n<p>\u2013 Jag har en n\u00e4ra relation till de i Supras men k\u00e4nde inte Adam personligen men det \u00e4r tr\u00e5kigt. Alla de h\u00e4r sakerna blir speciella f\u00f6r mig. Jag hade varit en av dem om jag inte spelat fotboll sj\u00e4lv. Nu stod vi med banderollen, en enkel sak att g\u00f6ra som s\u00e4kerligen betyder mycket f\u00f6r Adams anh\u00f6riga, s\u00e4ger han.<\/p>\n<p>\u00c4ven f\u00f6r Anders Christiansen var det en sj\u00e4lvklarhet att visa sitt st\u00f6d.<\/p>\n<p>\u2013 Det \u00e4r aldrig en rolig situation. Kan man hj\u00e4lpa de n\u00e4rmaste, som lider, s\u00e5 g\u00f6r vi s\u00e5 klart det, s\u00e4ger han.<\/p>\n<p>P\u00e5 sina sociala medier har \u00e4ven Malm\u00f6 FF hedrat Adam.<\/p>\n<p><a href=\"https:\/\/x.com\/Malmo_FF\/status\/1972312693001335040\" data-provider=\"twitter\" class=\"js-social-embed\" rel=\"nofollow\">https:\/\/x.com\/Malmo_FF\/status\/1972312693001335040<\/a><\/p>\n","protected":false},"excerpt":{"rendered":"Publicerad 28 sep 2025 kl 20.56 Malm\u00f6 FF vann mot V\u00e4rnamo. Segern till\u00e4gnas avlidne supportern Adam. \u2013 Det&hellip;\n","protected":false},"author":2,"featured_media":42047,"comment_status":"","ping_status":"","sticky":false,"template":"","format":"standard","meta":{"footnotes":""},"categories":[68],"tags":[555,358,34,130,129,111,110,31,33,32,30],"class_list":{"0":"post-42046","1":"post","2":"type-post","3":"status-publish","4":"format-standard","5":"has-post-thumbnail","7":"category-sport","8":"tag-organization-allsvenskan","9":"tag-organization-malmo-ff","10":"tag-se","11":"tag-sections-allsvenskan","12":"tag-sections-fotboll","13":"tag-sport","14":"tag-sports","15":"tag-svenska","16":"tag-sverige","17":"tag-sweden","18":"tag-swedish"},"share_on_mastodon":{"url":"","error":""},"_links":{"self":[{"href":"https:\/\/www.europesays.com\/se\/wp-json\/wp\/v2\/posts\/42046","targetHints":{"allow":["GET"]}}],"collection":[{"href":"https:\/\/www.europesays.com\/se\/wp-json\/wp\/v2\/posts"}],"about":[{"href":"https:\/\/www.europesays.com\/se\/wp-json\/wp\/v2\/types\/post"}],"author":[{"embeddable":true,"href":"https:\/\/www.europesays.com\/se\/wp-json\/wp\/v2\/users\/2"}],"replies":[{"embeddable":true,"href":"https:\/\/www.europesays.com\/se\/wp-json\/wp\/v2\/comments?post=42046"}],"version-history":[{"count":0,"href":"https:\/\/www.europesays.com\/se\/wp-json\/wp\/v2\/posts\/42046\/revisions"}],"wp:featuredmedia":[{"embeddable":true,"href":"https:\/\/www.europesays.com\/se\/wp-json\/wp\/v2\/media\/42047"}],"wp:attachment":[{"href":"https:\/\/www.europesays.com\/se\/wp-json\/wp\/v2\/media?parent=42046"}],"wp:term":[{"taxonomy":"category","embeddable":true,"href":"https:\/\/www.europesays.com\/se\/wp-json\/wp\/v2\/categories?post=42046"},{"taxonomy":"post_tag","embeddable":true,"href":"https:\/\/www.europesays.com\/se\/wp-json\/wp\/v2\/tags?post=42046"}],"curies":[{"name":"wp","href":"https:\/\/api.w.org\/{rel}","templated":true}]}}