{"id":42075,"date":"2025-09-28T21:13:10","date_gmt":"2025-09-28T21:13:10","guid":{"rendered":"https:\/\/www.europesays.com\/se\/42075\/"},"modified":"2025-09-28T21:13:10","modified_gmt":"2025-09-28T21:13:10","slug":"kronika-halmstads-bk-hammarby-if-1-0","status":"publish","type":"post","link":"https:\/\/www.europesays.com\/se\/42075\/","title":{"rendered":"Kr\u00f6nika. Halmstads BK &#8211; Hammarby IF (1-0)"},"content":{"rendered":"<p>Ett kvalhotat HBK eller ett Bajen utan luft i lungorna? Fr\u00e5n l\u00e4ktaren p\u00e5 \u00d6rjans Vall s\u00e5 s\u00e5g det ut som en kombination av b\u00e5da. HBK g\u00f6r allt f\u00f6r att h\u00e5lla sig kvar med n\u00e4bbar och klor och ett Hammarby som s\u00e5g n\u00e4st in till vartenda guldchans sv\u00e4va f\u00f6rbi \u00f6ver huvudet p\u00e5 dem n\u00e4r Mj\u00e4llby tog tre po\u00e4ng bort mot BP med en man mindre  i 37 minuter.<\/p>\n<p>HBK som skaffar sig lite andrum ner till det fruktade kvalstrecket tack vare en v\u00e4lbeh\u00f6vlig och v\u00e4lf\u00f6rtj\u00e4nt tre po\u00e4ngare mot ett Hammarby som i alla fall hade k\u00e4nning p\u00e5 guldet innan matchen, men efter att Mj\u00e4llby tog tre po\u00e4ng borta mot BP s\u00e5 fl\u00f6g allt vad som heter guldchanser iv\u00e4g. <\/p>\n<p>Fungerar inte Nahir Besara s\u00e5 fungerar inte Hammarby. <br \/>Lite s\u00e5 tror jag det \u00e4r. F\u00f6r idag s\u00e5 var det inte hans dag, han var nog den Bajenspelaren som var s\u00e4mst p\u00e5 planen de 78 minuterna han deltog i under matchen. Det var i sin tur lyckosamt f\u00f6r bollklubben som gjorde allt i vartenda h\u00f6jdduell, i vartenda n\u00e4rkamp och gjorde allt f\u00f6r att bollen skulle passera Warner Hahn i Bajenkassen. <\/p>\n<p>Gr\u00e4s gn\u00e4llet fr\u00e5n 08 land.<br \/>S\u00e5 fort ett storlagen f\u00f6rlorar p\u00e5 \u00d6rjans Vall under h\u00f6st halvan av s\u00e4songen s\u00e5 ska det direkt gn\u00e4llas p\u00e5 att antingen s\u00e5 \u00e4r gr\u00e4set f\u00f6r l\u00e5ngt eller inte vattnat, det \u00e4r l\u00e5ngt till Halmstad, de \u00e4r kallt i omkl\u00e4dningsrummet. V\u00e4lkommen till &#8221;football heritage&#8221; det h\u00e4r fotboll p\u00e5 riktigt! V\u00e4x upp och l\u00e4r er spela riktig fotboll, i slutet av september\/ b\u00f6rjan p\u00e5 Oktober s\u00e5 \u00e4r det inte m\u00e5nga gr\u00e4smattor, ja fotboll ska spelas p\u00e5 gr\u00e4s och inget annat, och d\u00e5 kan mattan sl\u00e4ppa ibland, den kan vara lite torr n\u00e5n g\u00e5ng, det \u00e4r naturen vi spelar p\u00e5 och naturen lever sitt liv.<\/p>\n<p>Idag var det den Schweiziske arm\u00e9knivens eftermiddag!  <br \/>Fr\u00e5n det att Halmstad kaptenen Joel Allansson f\u00e5r en frispark p\u00e5 mittlinjen som Pacal Gregor smaskar p\u00e5 en fin l\u00e5ngboll p\u00e5 som Kaib \u00e4r p\u00e5passlig och tar sig in framf\u00f6r Hampus Skoglund, Villiam Granath var p\u00e5passlig p\u00e5 bortre stolpen efter att Hampus Skoglund i Bajenf\u00f6rsvaret t\u00e4ckt Rami Kaibs skottf\u00f6rs\u00f6k som studsat turligt. 2 m\u00e5l de senaste 2 matcherna f\u00f6r killen fr\u00e5n Sk\u00f6vde! En laginsats d\u00e4r kollektivet HBK var b\u00e4ttre en stj\u00e4rnsp\u00e4ckade Bajen, d\u00e4r alla drog sitt str\u00e5 till stacken f\u00f6r att kunna fira in trepo\u00e4ngaren!<\/p>\n<p>Spelar betyg HBK:<br \/>Tim Erlandsson: 7\/10<br \/>Hade inte s\u00e5 mycket att g\u00f6ra och tog det som han skulle ta.<\/p>\n<p>Pascal Gregor: 8\/10<br \/>&#8221;Den stille dr\u00e4ber&#8221; som han kallades i Danmark var p\u00e5 att igen, var bra och stod f\u00f6r l\u00e5ngbollen som sedemera ledde till att Granath satte dit i s\u00e5 gott som \u00f6ppen kasse.<\/p>\n<p>Filip Schyberg: 7\/10<br \/>Han stod f\u00f6r en gedigen insats i mittf\u00f6rsvaret, inga st\u00f6rre misstag ut\u00f6ver 90 minuter + till\u00e4gg<\/p>\n<p>Bleon Kurtulus: 7,5\/10<br \/>HBKs stortalang stod f\u00f6r en okej insats blev uppsnurrad n\u00e5gra enstaka tillf\u00e4llen av Montader Madjed.<\/p>\n<p>Andr\u00e9 Boman: 8\/10<br \/>Var stabil fram\u00e5t och bak\u00e5t i 90+4 minuter gick sedan av p\u00e5 grund av lite ont i axeln.<\/p>\n<p>Joel Allansson: 7\/10<br \/>Gedigen insats p\u00e5 mitten, tr\u00f6ttnade lite ju l\u00e4ngre matchen led annars okej! Sl\u00e5r Ibland lite v\u00e4l destruktiva passningar n\u00e4r det finns l\u00e4ge att s\u00e4tta den p\u00e5 en djupleds g\u00e5ende lagkamrat och ist\u00e4llet sl\u00e5r den hem\u00e5t till en mittback eller egen m\u00e5lvakt.<\/p>\n<p>Rocco Ascone: 8,5\/10<br \/>\u00c4r och snuddar p\u00e5 en 9a i betyg men blir tyv\u00e4rr utbytt i 74e minuten, vilket han var besviken \u00f6ver. Han var den som kom i andra v\u00e5gor och var en frisk fl\u00e4kt fram\u00e5t, helt annorlunda fr\u00e5n matchen mot V\u00e4rnamo d\u00e4r han var sm\u00e5tt osynlig i l\u00e5nga stunder av den matchen.<\/p>\n<p>Rami Kaib: 8,5\/10<br \/>Lite samma som Ascone, fast ist\u00e4llet f\u00f6r att bli utbytt f\u00f6r tidigt s\u00e5 var han lite svajig defensivt. Hade sv\u00e5rt att h\u00e4nga med n\u00e4r Madjed b\u00f6rjade snurra, men samarbetet med Kurtulus gjorde att de st\u00e4ngde ner v\u00e4nsterflanken helt okej.<\/p>\n<p>Villiam Granath: 9\/10<br \/>Den outtr\u00f6ttlige Granath visar varf\u00f6r han \u00e4r fast gjuten i Lindholms startelva vecka in och vecka ut, han springer konstant i 90 minuter + till\u00e4gg, idag \u00e4ven kryddat med lite fin samba fr\u00e5n &#8221;schl\u00e4tta&#8221; d\u00e5 han bj\u00f6d publiken p\u00e5 n\u00e5gra fina tunnlar. B\u00e4st p\u00e5 plan tillsammans med Ascone och Kaib.<\/p>\n<p>Ludvig Arvidsson: 6\/10<br \/>Detta var en av talangens s\u00e4mre matcher i HBK-tr\u00f6jan den h\u00e4r s\u00e4songen men vad gjorde det n\u00e4r han hade ett helt lag runt om sig som var fantastiska, sett \u00f6ver det han fick spela s\u00e5 var det helt okej.<\/p>\n<p>Emmanuel Yeboah: 7\/10<br \/>Stark f\u00f6rsta halvlek, s\u00e5g pigg och energisk ut och kunde spelat fram till ett m\u00e5l redan innan f\u00f6rsta minuten var spelad n\u00e4r han kom f\u00f6rbi p\u00e5 h\u00f6gerkanten och skickade in ett inl\u00e4gg som inte tr\u00e4ffade n\u00e5gon HBKare. <\/p>\n<p>Malte Persson in 61a minuten: 6\/10. K\u00e4mpar p\u00e5 som vanligt och visar god vilja.<br \/>Niilo M\u00e4enp\u00e4\u00e4 in 61a minuten: 6\/10. Det s\u00e5g ut som att han k\u00e4nde att han beh\u00f6vde prestera f\u00f6r att ta sig tillbaka in startelvan, vilket jag tror att han inte g\u00f6r, men han visade vilja att g\u00e5 fram\u00e5t.<br \/>Naeem Mohammed in 74e minuten: 5\/10. Kunde serverat en fri Persson men valde att tr\u00e5ckla in sig i Bajenf\u00f6rsvaret ist\u00e4llet.  <br \/>Gabriel Wallentin in 94e minuten: Spelade f\u00f6r kort tid f\u00f6r att betygs\u00e4ttas.<\/p>\n","protected":false},"excerpt":{"rendered":"Ett kvalhotat HBK eller ett Bajen utan luft i lungorna? Fr\u00e5n l\u00e4ktaren p\u00e5 \u00d6rjans Vall s\u00e5 s\u00e5g det&hellip;\n","protected":false},"author":2,"featured_media":42076,"comment_status":"","ping_status":"","sticky":false,"template":"","format":"standard","meta":{"footnotes":""},"categories":[68],"tags":[159,158,157,138,156,165,164,140,34,160,162,111,110,31,161,33,32,30,163],"class_list":{"0":"post-42075","1":"post","2":"type-post","3":"status-publish","4":"format-standard","5":"has-post-thumbnail","7":"category-sport","8":"tag-allsvenskan","9":"tag-fans","10":"tag-fantv","11":"tag-fotboll","12":"tag-hockey","13":"tag-matcher","14":"tag-matchprogram","15":"tag-premier-league","16":"tag-se","17":"tag-serie-a","18":"tag-spelschema","19":"tag-sport","20":"tag-sports","21":"tag-svenska","22":"tag-svenskafans","23":"tag-sverige","24":"tag-sweden","25":"tag-swedish","26":"tag-tabeller"},"share_on_mastodon":{"url":"","error":""},"_links":{"self":[{"href":"https:\/\/www.europesays.com\/se\/wp-json\/wp\/v2\/posts\/42075","targetHints":{"allow":["GET"]}}],"collection":[{"href":"https:\/\/www.europesays.com\/se\/wp-json\/wp\/v2\/posts"}],"about":[{"href":"https:\/\/www.europesays.com\/se\/wp-json\/wp\/v2\/types\/post"}],"author":[{"embeddable":true,"href":"https:\/\/www.europesays.com\/se\/wp-json\/wp\/v2\/users\/2"}],"replies":[{"embeddable":true,"href":"https:\/\/www.europesays.com\/se\/wp-json\/wp\/v2\/comments?post=42075"}],"version-history":[{"count":0,"href":"https:\/\/www.europesays.com\/se\/wp-json\/wp\/v2\/posts\/42075\/revisions"}],"wp:featuredmedia":[{"embeddable":true,"href":"https:\/\/www.europesays.com\/se\/wp-json\/wp\/v2\/media\/42076"}],"wp:attachment":[{"href":"https:\/\/www.europesays.com\/se\/wp-json\/wp\/v2\/media?parent=42075"}],"wp:term":[{"taxonomy":"category","embeddable":true,"href":"https:\/\/www.europesays.com\/se\/wp-json\/wp\/v2\/categories?post=42075"},{"taxonomy":"post_tag","embeddable":true,"href":"https:\/\/www.europesays.com\/se\/wp-json\/wp\/v2\/tags?post=42075"}],"curies":[{"name":"wp","href":"https:\/\/api.w.org\/{rel}","templated":true}]}}