{"id":42121,"date":"2025-09-28T23:04:07","date_gmt":"2025-09-28T23:04:07","guid":{"rendered":"https:\/\/www.europesays.com\/se\/42121\/"},"modified":"2025-09-28T23:04:07","modified_gmt":"2025-09-28T23:04:07","slug":"da-kan-sverige-skjuta-ner-ryska-stridsflyg","status":"publish","type":"post","link":"https:\/\/www.europesays.com\/se\/42121\/","title":{"rendered":"D\u00e5 kan Sverige skjuta ner ryska stridsflyg"},"content":{"rendered":"<p>Publicerad 28 sep 2025 kl 23.02Uppdaterad 29 sep kl 00.57<\/p>\n<p>De ryska provokationerna i \u00d6stersj\u00f6omr\u00e5det blir allt gr\u00f6vre.\u00a0<\/p>\n<p>Sverige har hittills sluppit kr\u00e4nkningar av ryskt stridsflyg i den nya provokationsv\u00e5gen \u2013 men f\u00f6rsvaret \u00e4r redo.<\/p>\n<p>\u2013 En sista utv\u00e4g \u00e4r att skjuta ner det, s\u00e4ger \u00f6verbef\u00e4lhavare Michael Claesson.<\/p>\n<p><img   alt=\"\"\/><\/p>\n<p>\u00d6B Michael Claesson s\u00e4ger att Sverige \u00e4r berett att skjuta ner ryska stridsflyg om det beh\u00f6vs.<\/p>\n<p>Foto: SVT<\/p>\n<p>\u00d6ppna bild i helsk\u00e4rm<img loading=\"lazy\"   alt=\"\"\/><\/p>\n<p>Svenska Jas eskorterade hem de ryska Mig-31-plan som kr\u00e4nkte estniskt luftrum.<\/p>\n<p>Foto: F\u00f6rsvarsmakten<\/p>\n<p>\u00d6ppna bild i helsk\u00e4rm<\/p>\n<p><a href=\"https:\/\/www.expressen.se\/tagg\/location\/ryssland\/\" rel=\"nofollow noopener\" target=\"_blank\">Ryssland<\/a> har p\u00e5 kort tid kr\u00e4nkt <a href=\"https:\/\/www.expressen.se\/tagg\/location\/polen\/\" rel=\"nofollow noopener\" target=\"_blank\">Polens<\/a> luftrum med m\u00e4ngder av dr\u00f6nare. Dr\u00f6nare har \u00e4ven kr\u00e4nkt <a href=\"https:\/\/www.expressen.se\/tagg\/location\/rumanien\/\" rel=\"nofollow noopener\" target=\"_blank\">rum\u00e4nskt<\/a> luftrum \u2013 och f\u00f6r en dryg vecka sedan fl\u00f6g tre ryska stridsplan in \u00f6ver estniskt territorium under tolv minuter, innan de avvisades med hj\u00e4lp av bland annat svenska Jas-plan. Samtidigt har dr\u00f6nare med ok\u00e4nt ursprung st\u00e4ngt flera danska flygplatser vid upprepade tillf\u00e4llen<\/p>\n<p>Sverige har hittills varit f\u00f6rskonat vid den ryska eskaleringen, men <a href=\"https:\/\/www.expressen.se\/tagg\/organization\/forsvarsmakten\/\" rel=\"nofollow noopener\" target=\"_blank\">f\u00f6rsvarsmakten<\/a> \u00e4r beredd p\u00e5 att \u00e4ven svenskt luftrum kan drabbas.<\/p>\n<p>\u2013 Vi har en st\u00e4ndigt h\u00f6g beredskap f\u00f6r att kunna b\u00e5de avvisa och ta till andra former f\u00f6r att markera mot kr\u00e4nkande stridsflyg, s\u00e4ger Sveriges \u00f6verbef\u00e4lhavare Michael Claesson i SVT:s <a href=\"https:\/\/www.svtplay.se\/video\/8YqqY2M\/agenda\/ryssland-provocerar?video=visa&amp;position=94\" rel=\"nofollow noopener\" target=\"_blank\">Agenda<\/a>. \u00a0<\/p>\n<p>Exakt vilken \u00e5tg\u00e4rd som blir aktuell beror p\u00e5 situationen. \u00d6B p\u00e5pekar att felnavigeringar faktiskt f\u00f6rekommer och i f\u00f6rsta hand f\u00f6rs\u00f6ker man f\u00e5 fr\u00e4mmande stridsflyg att l\u00e4mna svenskt luftrum<\/p>\n<p>\u2013 Men om man inte lyder den typen av \u00e5tg\u00e4rder, d\u00e5 \u00e4r en sista utv\u00e4g att anv\u00e4nda vapenmakt f\u00f6r att i f\u00f6rsta hand markera, men annars g\u00e5 till verkanseld. Skjuta ner det, med andra ord, s\u00e4ger Michael Claesson.<\/p>\n<p>Kan inte vinna mot Nato<\/p>\n<p>Beslutet om \u00e5tg\u00e4rd fattas ytterst av piloterna som \u00e4r uppe och m\u00f6ter hotet. Bed\u00f6mningen g\u00f6rs utifr\u00e5n vilken kurs planet h\u00e5ller \u2013 i vilken riktning det flyger \u2013 tillsammans med vilket vapensystem det har och hur det upptr\u00e4der i \u00f6vrigt.\u00a0<\/p>\n<p>\u00d6B tror att de ryska provokationerna syftar till att skapa os\u00e4kerhet och splittring mellan Nato-l\u00e4nderna, inte att Ryssland \u00e4r intresserat av att starta ett nytt krig. Det viktiga f\u00f6r att f\u00e5 dem att sluta med provokationerna tror han handlar om trov\u00e4rdighet genom att bygga starkare f\u00f6rsvar.\u00a0<\/p>\n<p>\u2013 Om man medvetet v\u00e4ljer att kr\u00e4nka v\u00e5ra territorier f\u00e5r det konsekvenser, s\u00e4ger han.\u00a0<\/p>\n<p>\u2013 Jag tror inte Ryssland vill g\u00e5 i krig med Nato, f\u00f6r man vet att man kommer att f\u00f6rlora. Jag tror att man vill splittra Nato politiskt och visa p\u00e5 och exploatera v\u00e5ra svagheter och skapa r\u00e4dsla hos v\u00e5ra befolkningar.\u00a0<\/p>\n","protected":false},"excerpt":{"rendered":"Publicerad 28 sep 2025 kl 23.02Uppdaterad 29 sep kl 00.57 De ryska provokationerna i \u00d6stersj\u00f6omr\u00e5det blir allt gr\u00f6vre.\u00a0&hellip;\n","protected":false},"author":2,"featured_media":42122,"comment_status":"","ping_status":"","sticky":false,"template":"","format":"standard","meta":{"footnotes":""},"categories":[12],"tags":[50,22,23,26,27,17,21,24,25,274,28,29,15,16,1799,48,18,34,154,31,33,32,30,19,60,49,20],"class_list":{"0":"post-42121","1":"post","2":"type-post","3":"status-publish","4":"format-standard","5":"has-post-thumbnail","7":"category-sverige","8":"tag-arme-forsvar","9":"tag-breaking-news","10":"tag-breakingnews","11":"tag-featured-news","12":"tag-featurednews","13":"tag-headlines","14":"tag-huvudnyheter","15":"tag-latest-news","16":"tag-latestnews","17":"tag-location-ryssland","18":"tag-main-news","19":"tag-mainnews","20":"tag-news","21":"tag-nyheter","22":"tag-organization-agenda","23":"tag-organization-forsvarsmakten","24":"tag-rubriker","25":"tag-se","26":"tag-sections-sverige","27":"tag-svenska","28":"tag-sverige","29":"tag-sweden","30":"tag-swedish","31":"tag-top-stories","32":"tag-topic-krig-konflikt","33":"tag-topic-militar","34":"tag-topstories"},"share_on_mastodon":{"url":"","error":""},"_links":{"self":[{"href":"https:\/\/www.europesays.com\/se\/wp-json\/wp\/v2\/posts\/42121","targetHints":{"allow":["GET"]}}],"collection":[{"href":"https:\/\/www.europesays.com\/se\/wp-json\/wp\/v2\/posts"}],"about":[{"href":"https:\/\/www.europesays.com\/se\/wp-json\/wp\/v2\/types\/post"}],"author":[{"embeddable":true,"href":"https:\/\/www.europesays.com\/se\/wp-json\/wp\/v2\/users\/2"}],"replies":[{"embeddable":true,"href":"https:\/\/www.europesays.com\/se\/wp-json\/wp\/v2\/comments?post=42121"}],"version-history":[{"count":0,"href":"https:\/\/www.europesays.com\/se\/wp-json\/wp\/v2\/posts\/42121\/revisions"}],"wp:featuredmedia":[{"embeddable":true,"href":"https:\/\/www.europesays.com\/se\/wp-json\/wp\/v2\/media\/42122"}],"wp:attachment":[{"href":"https:\/\/www.europesays.com\/se\/wp-json\/wp\/v2\/media?parent=42121"}],"wp:term":[{"taxonomy":"category","embeddable":true,"href":"https:\/\/www.europesays.com\/se\/wp-json\/wp\/v2\/categories?post=42121"},{"taxonomy":"post_tag","embeddable":true,"href":"https:\/\/www.europesays.com\/se\/wp-json\/wp\/v2\/tags?post=42121"}],"curies":[{"name":"wp","href":"https:\/\/api.w.org\/{rel}","templated":true}]}}