{"id":42123,"date":"2025-09-28T23:05:09","date_gmt":"2025-09-28T23:05:09","guid":{"rendered":"https:\/\/www.europesays.com\/se\/42123\/"},"modified":"2025-09-28T23:05:09","modified_gmt":"2025-09-28T23:05:09","slug":"ryssland-vill-inte-ha-krig-med-nato-vill-splittra","status":"publish","type":"post","link":"https:\/\/www.europesays.com\/se\/42123\/","title":{"rendered":"Ryssland vill inte ha krig med Nato \u2013 vill splittra"},"content":{"rendered":"<p>De ryska kr\u00e4nkningarna av Natos gr\u00e4nser \u00e4r troligen inte en uppbyggnad f\u00f6r en fullskalig v\u00e4pnad konflikt. Det s\u00e4ger \u00d6B Michael Claesson i SVT:s Agenda.<\/p>\n<p>\u2013 Jag tror inte Ryssland vill g\u00e5 i krig med Nato. Jag tror man vill splittra Nato politiskt och visa p\u00e5 v\u00e5ra svagheter, exploatera dem och skapa r\u00e4dsla hos v\u00e5ra befolkningar, s\u00e4ger han.<\/p>\n<p>Han s\u00e4ger dock ocks\u00e5 att man aldrig ska utesluta att situationen eskalerar, och att svenska piloter \u00e4r redo att skjuta ner ryska flygplan som kr\u00e4nker svenskt territorium om det kr\u00e4vs. <\/p>\n<p>Omni \u00e4r politiskt obundna och oberoende. Vi str\u00e4var efter att ge fler perspektiv p\u00e5 nyheterna. Har du fr\u00e5gor eller synpunkter kring v\u00e5r rapportering? <a href=\"https:\/\/omni.se\/ob-ryssland-vill-inte-ha-krig-med-nato-vill-splittra\/a\/mailto:redaktion@omni.se\" class=\"ArticleActions_contactLink__W2F1M\" rel=\"nofollow noopener\" target=\"_blank\">Kontakta redaktionen<\/a><\/p>\n","protected":false},"excerpt":{"rendered":"De ryska kr\u00e4nkningarna av Natos gr\u00e4nser \u00e4r troligen inte en uppbyggnad f\u00f6r en fullskalig v\u00e4pnad konflikt. Det s\u00e4ger&hellip;\n","protected":false},"author":2,"featured_media":42124,"comment_status":"","ping_status":"","sticky":false,"template":"","format":"standard","meta":{"footnotes":""},"categories":[5],"tags":[22,23,26,27,17,21,24,25,28,29,4338,999,15,16,18,264,34,31,33,32,30,19,20],"class_list":{"0":"post-42123","1":"post","2":"type-post","3":"status-publish","4":"format-standard","5":"has-post-thumbnail","7":"category-rubriker","8":"tag-breaking-news","9":"tag-breakingnews","10":"tag-featured-news","11":"tag-featurednews","12":"tag-headlines","13":"tag-huvudnyheter","14":"tag-latest-news","15":"tag-latestnews","16":"tag-main-news","17":"tag-mainnews","18":"tag-michael-claesson","19":"tag-nato","20":"tag-news","21":"tag-nyheter","22":"tag-rubriker","23":"tag-ryssland","24":"tag-se","25":"tag-svenska","26":"tag-sverige","27":"tag-sweden","28":"tag-swedish","29":"tag-top-stories","30":"tag-topstories"},"share_on_mastodon":{"url":"","error":""},"_links":{"self":[{"href":"https:\/\/www.europesays.com\/se\/wp-json\/wp\/v2\/posts\/42123","targetHints":{"allow":["GET"]}}],"collection":[{"href":"https:\/\/www.europesays.com\/se\/wp-json\/wp\/v2\/posts"}],"about":[{"href":"https:\/\/www.europesays.com\/se\/wp-json\/wp\/v2\/types\/post"}],"author":[{"embeddable":true,"href":"https:\/\/www.europesays.com\/se\/wp-json\/wp\/v2\/users\/2"}],"replies":[{"embeddable":true,"href":"https:\/\/www.europesays.com\/se\/wp-json\/wp\/v2\/comments?post=42123"}],"version-history":[{"count":0,"href":"https:\/\/www.europesays.com\/se\/wp-json\/wp\/v2\/posts\/42123\/revisions"}],"wp:featuredmedia":[{"embeddable":true,"href":"https:\/\/www.europesays.com\/se\/wp-json\/wp\/v2\/media\/42124"}],"wp:attachment":[{"href":"https:\/\/www.europesays.com\/se\/wp-json\/wp\/v2\/media?parent=42123"}],"wp:term":[{"taxonomy":"category","embeddable":true,"href":"https:\/\/www.europesays.com\/se\/wp-json\/wp\/v2\/categories?post=42123"},{"taxonomy":"post_tag","embeddable":true,"href":"https:\/\/www.europesays.com\/se\/wp-json\/wp\/v2\/tags?post=42123"}],"curies":[{"name":"wp","href":"https:\/\/api.w.org\/{rel}","templated":true}]}}