{"id":42135,"date":"2025-09-29T00:25:19","date_gmt":"2025-09-29T00:25:19","guid":{"rendered":"https:\/\/www.europesays.com\/se\/42135\/"},"modified":"2025-09-29T00:25:19","modified_gmt":"2025-09-29T00:25:19","slug":"man-ledde-terrorplaner-mot-svenska-medier-doms","status":"publish","type":"post","link":"https:\/\/www.europesays.com\/se\/42135\/","title":{"rendered":"Man ledde terrorplaner mot svenska medier \u2013 d\u00f6ms"},"content":{"rendered":"<p>Av Ebba Torstensson<br \/>Publicerad 28 september, 11:54. Uppdaterad 28 september, 11:59<\/p>\n<p>Det h\u00f6gerextrema digitala n\u00e4tverket Black sun rising militia planerade att lamsl\u00e5 Europa i en koordinerad attack mot synagogor, mosk\u00e9er och flera svenska mediehus f\u00f6rra \u00e5ret, rapporterar SVT Nyheter.<\/p>\n<p>I Sverige var DN, Schibsted, Tidningen Expo och Alings\u00e5s Tidning tillt\u00e4nkta m\u00e5ltavlor.<\/p>\n<p>Ledaren f\u00f6r n\u00e4tverket, en 35-\u00e5rig amerikan, har rekryterat personer i Norden p\u00e5 sociala medier. Han kan ocks\u00e5 kopplas till Ryssland, men det har inte g\u00e5tt bevisa att han arbetar f\u00f6r landet.<\/p>\n<p>Nu har han d\u00f6mts i Brasilien f\u00f6r planering och f\u00f6rberedelser av terrorhandlingar och offentligt uppviglande till folkmord. P\u00e5f\u00f6ljden blev r\u00e4ttspsykiatrisk v\u00e5rd p\u00e5 obest\u00e4md tid.<\/p>\n<p>Omni \u00e4r politiskt obundna och oberoende. Vi str\u00e4var efter att ge fler perspektiv p\u00e5 nyheterna. Har du fr\u00e5gor eller synpunkter kring v\u00e5r rapportering? <a href=\"https:\/\/omni.se\/man-ledde-terrorplaner-mot-svensk-media-doms\/a\/mailto:redaktion@omni.se\" class=\"ArticleActions_contactLink__W2F1M\" rel=\"nofollow noopener\" target=\"_blank\">Kontakta redaktionen<\/a><\/p>\n","protected":false},"excerpt":{"rendered":"Av Ebba TorstenssonPublicerad 28 september, 11:54. Uppdaterad 28 september, 11:59 Det h\u00f6gerextrema digitala n\u00e4tverket Black sun rising militia&hellip;\n","protected":false},"author":2,"featured_media":42136,"comment_status":"","ping_status":"","sticky":false,"template":"","format":"standard","meta":{"footnotes":""},"categories":[12],"tags":[22,23,128,26,27,17,21,24,25,28,29,732,15,16,18,34,31,33,32,30,19,20],"class_list":{"0":"post-42135","1":"post","2":"type-post","3":"status-publish","4":"format-standard","5":"has-post-thumbnail","7":"category-sverige","8":"tag-breaking-news","9":"tag-breakingnews","10":"tag-brott","11":"tag-featured-news","12":"tag-featurednews","13":"tag-headlines","14":"tag-huvudnyheter","15":"tag-latest-news","16":"tag-latestnews","17":"tag-main-news","18":"tag-mainnews","19":"tag-media-reklam","20":"tag-news","21":"tag-nyheter","22":"tag-rubriker","23":"tag-se","24":"tag-svenska","25":"tag-sverige","26":"tag-sweden","27":"tag-swedish","28":"tag-top-stories","29":"tag-topstories"},"share_on_mastodon":{"url":"","error":""},"_links":{"self":[{"href":"https:\/\/www.europesays.com\/se\/wp-json\/wp\/v2\/posts\/42135","targetHints":{"allow":["GET"]}}],"collection":[{"href":"https:\/\/www.europesays.com\/se\/wp-json\/wp\/v2\/posts"}],"about":[{"href":"https:\/\/www.europesays.com\/se\/wp-json\/wp\/v2\/types\/post"}],"author":[{"embeddable":true,"href":"https:\/\/www.europesays.com\/se\/wp-json\/wp\/v2\/users\/2"}],"replies":[{"embeddable":true,"href":"https:\/\/www.europesays.com\/se\/wp-json\/wp\/v2\/comments?post=42135"}],"version-history":[{"count":0,"href":"https:\/\/www.europesays.com\/se\/wp-json\/wp\/v2\/posts\/42135\/revisions"}],"wp:featuredmedia":[{"embeddable":true,"href":"https:\/\/www.europesays.com\/se\/wp-json\/wp\/v2\/media\/42136"}],"wp:attachment":[{"href":"https:\/\/www.europesays.com\/se\/wp-json\/wp\/v2\/media?parent=42135"}],"wp:term":[{"taxonomy":"category","embeddable":true,"href":"https:\/\/www.europesays.com\/se\/wp-json\/wp\/v2\/categories?post=42135"},{"taxonomy":"post_tag","embeddable":true,"href":"https:\/\/www.europesays.com\/se\/wp-json\/wp\/v2\/tags?post=42135"}],"curies":[{"name":"wp","href":"https:\/\/api.w.org\/{rel}","templated":true}]}}