{"id":42139,"date":"2025-09-29T00:42:30","date_gmt":"2025-09-29T00:42:30","guid":{"rendered":"https:\/\/www.europesays.com\/se\/42139\/"},"modified":"2025-09-29T00:42:30","modified_gmt":"2025-09-29T00:42:30","slug":"hammarby-krossade-vaxjo-tillbaka-i-serieledning","status":"publish","type":"post","link":"https:\/\/www.europesays.com\/se\/42139\/","title":{"rendered":"Hammarby krossade V\u00e4xj\u00f6 \u2013 tillbaka i serieledning"},"content":{"rendered":"<p>Hammarby \u00e4r tillbaka i toppen av damallsvenskan och dit tar man sig p\u00e5 tydligast m\u00f6jliga vis. I kv\u00e4llens m\u00f6te med V\u00e4xj\u00f6 s\u00e4krade Stockholmslaget segern med 7\u20130.<\/p>\n<p>\u2013 Det \u00e4r v\u00e4ldigt viktigt i kampen om guldet, d\u00e5 m\u00e5ste man vinna och i dag \u00e4r det bara tre po\u00e4ng som g\u00e4ller, s\u00e4ger tv\u00e5m\u00e5lsskytten Julie Blakstad till SVT efter segern.<\/p>\n<p>Med en match mer spelad ligger Hammarby d\u00e4rmed tv\u00e5 po\u00e4ng f\u00f6re H\u00e4cken och tre f\u00f6re Malm\u00f6.<\/p>\n<p>Omni \u00e4r politiskt obundna och oberoende. Vi str\u00e4var efter att ge fler perspektiv p\u00e5 nyheterna. Har du fr\u00e5gor eller synpunkter kring v\u00e5r rapportering? <a href=\"https:\/\/omni.se\/hammarby-krossade-vaxjo-tillbaka-i-serieledning\/a\/mailto:redaktion@omni.se\" class=\"ArticleActions_contactLink__W2F1M\" rel=\"nofollow noopener\" target=\"_blank\">Kontakta redaktionen<\/a><\/p>\n","protected":false},"excerpt":{"rendered":"Hammarby \u00e4r tillbaka i toppen av damallsvenskan och dit tar man sig p\u00e5 tydligast m\u00f6jliga vis. I kv\u00e4llens&hellip;\n","protected":false},"author":2,"featured_media":42140,"comment_status":"","ping_status":"","sticky":false,"template":"","format":"standard","meta":{"footnotes":""},"categories":[5],"tags":[22,23,26,27,138,4339,17,21,24,25,28,29,15,16,18,34,31,33,32,30,19,20,1615],"class_list":{"0":"post-42139","1":"post","2":"type-post","3":"status-publish","4":"format-standard","5":"has-post-thumbnail","7":"category-rubriker","8":"tag-breaking-news","9":"tag-breakingnews","10":"tag-featured-news","11":"tag-featurednews","12":"tag-fotboll","13":"tag-hammarby-fotboll-dam","14":"tag-headlines","15":"tag-huvudnyheter","16":"tag-latest-news","17":"tag-latestnews","18":"tag-main-news","19":"tag-mainnews","20":"tag-news","21":"tag-nyheter","22":"tag-rubriker","23":"tag-se","24":"tag-svenska","25":"tag-sverige","26":"tag-sweden","27":"tag-swedish","28":"tag-top-stories","29":"tag-topstories","30":"tag-vaxjo-dff"},"share_on_mastodon":{"url":"","error":""},"_links":{"self":[{"href":"https:\/\/www.europesays.com\/se\/wp-json\/wp\/v2\/posts\/42139","targetHints":{"allow":["GET"]}}],"collection":[{"href":"https:\/\/www.europesays.com\/se\/wp-json\/wp\/v2\/posts"}],"about":[{"href":"https:\/\/www.europesays.com\/se\/wp-json\/wp\/v2\/types\/post"}],"author":[{"embeddable":true,"href":"https:\/\/www.europesays.com\/se\/wp-json\/wp\/v2\/users\/2"}],"replies":[{"embeddable":true,"href":"https:\/\/www.europesays.com\/se\/wp-json\/wp\/v2\/comments?post=42139"}],"version-history":[{"count":0,"href":"https:\/\/www.europesays.com\/se\/wp-json\/wp\/v2\/posts\/42139\/revisions"}],"wp:featuredmedia":[{"embeddable":true,"href":"https:\/\/www.europesays.com\/se\/wp-json\/wp\/v2\/media\/42140"}],"wp:attachment":[{"href":"https:\/\/www.europesays.com\/se\/wp-json\/wp\/v2\/media?parent=42139"}],"wp:term":[{"taxonomy":"category","embeddable":true,"href":"https:\/\/www.europesays.com\/se\/wp-json\/wp\/v2\/categories?post=42139"},{"taxonomy":"post_tag","embeddable":true,"href":"https:\/\/www.europesays.com\/se\/wp-json\/wp\/v2\/tags?post=42139"}],"curies":[{"name":"wp","href":"https:\/\/api.w.org\/{rel}","templated":true}]}}