{"id":42143,"date":"2025-09-29T00:57:31","date_gmt":"2025-09-29T00:57:31","guid":{"rendered":"https:\/\/www.europesays.com\/se\/42143\/"},"modified":"2025-09-29T00:57:31","modified_gmt":"2025-09-29T00:57:31","slug":"amerikan-domd-i-brasilien-for-terrorplaner-i-sverige-varlden","status":"publish","type":"post","link":"https:\/\/www.europesays.com\/se\/42143\/","title":{"rendered":"Amerikan d\u00f6md i Brasilien f\u00f6r terrorplaner i Sverige | V\u00e4rlden"},"content":{"rendered":"<p>Publicerad 29 sep 2025 kl 01.53<\/p>\n<p>En 35-\u00e5rig amerikan har d\u00f6mts i Brasilien f\u00f6r att ha planerat terrord\u00e5d i bland annat Sverige, skriver <a href=\"https:\/\/www.svt.se\/nyheter\/utrikes\/unik-inblick-i-nazist-natverk-visar-terrorplaner-mot-sverige\" rel=\"nofollow noopener\" target=\"_blank\">SVT<\/a>.<\/p>\n<p>Mannen, som heter Vincent, v\u00e4rvade folk till ett nazistiskt n\u00e4tverk d\u00e4r han uppmanade dem till att beg\u00e5 d\u00e5d.<\/p>\n<p><img   alt=\"\"\/><\/p>\n<p>Gruppen planerade bland annat att attackera en synagoga. Arkivbild.<\/p>\n<p>Foto: ANNA SZILAGYI \/ EPA<\/p>\n<p>\u00d6ppna bild i helsk\u00e4rm<\/p>\n<p>I chatten, som Vincent startade p\u00e5 appen Signal, ska 149 anv\u00e4ndare ha samlats. Gruppen kallades Black Sun Rising Militia och \u00e4r ett n\u00e4tverk som fr\u00e4mjar nazistiska och v\u00e5ldsbejakande id\u00e9er.\u00a0<\/p>\n<p>Vincent har gett dem instruktioner f\u00f6r hur man tillverkar kraftfulla bomber och har ocks\u00e5 delat en lista p\u00e5 t\u00e4nkbara m\u00e5l i b\u00e5de Sverige och Europa.<\/p>\n<p>Vissa medlemmar i gruppen var unga, rapporterar SVT. En 14-\u00e5rig serbisk pojke fick tydliga instruktioner fr\u00e5n Vincent p\u00e5 hur han skulle attackera en synagoga.<\/p>\n<p>Den 16 oktober 2024 uppmanades medlemmarna i chatten till att attackera bland annat synagogor, mosk\u00e9er och judiska skolor i en koordinerad men spridd attack.<\/p>\n<p>V\u00e5rdas p\u00e5 obest\u00e4md tid<\/p>\n<p>SVT:s medarbetare My Vingren, som f\u00f6ljt Vincent och chattgruppen, larmade svenska S\u00e4po om Vincents planer h\u00f6sten 2024. Kort d\u00e4refter greps Vincent av brasiliansk polis, misst\u00e4nkt f\u00f6r terrorism.<\/p>\n<p>Han d\u00f6mdes i \u00e5r f\u00f6r planering och f\u00f6rberedelse av terrorhandlingar och f\u00f6r offentligt uppviglande till folkmord, skriver SVT. R\u00e4tten ans\u00e5g att han \u00e4r farlig b\u00e5de f\u00f6r sig sj\u00e4lv och f\u00f6r andra. Straffet best\u00e4mdes d\u00e4rf\u00f6r till r\u00e4ttspsykiatrisk v\u00e5rd p\u00e5 obest\u00e4md tid.\u00a0<\/p>\n<p>Vincents f\u00f6rsvar menar att Vincent \u00e4r psykiskt sjuk och d\u00e4rf\u00f6r inte kan h\u00e5llas ansvarig f\u00f6r planerna.<\/p>\n","protected":false},"excerpt":{"rendered":"Publicerad 29 sep 2025 kl 01.53 En 35-\u00e5rig amerikan har d\u00f6mts i Brasilien f\u00f6r att ha planerat terrord\u00e5d&hellip;\n","protected":false},"author":2,"featured_media":42144,"comment_status":"","ping_status":"","sticky":false,"template":"","format":"standard","meta":{"footnotes":""},"categories":[12],"tags":[22,23,26,27,17,21,24,25,4340,28,29,15,16,18,34,55,31,33,32,30,19,20],"class_list":{"0":"post-42143","1":"post","2":"type-post","3":"status-publish","4":"format-standard","5":"has-post-thumbnail","7":"category-sverige","8":"tag-breaking-news","9":"tag-breakingnews","10":"tag-featured-news","11":"tag-featurednews","12":"tag-headlines","13":"tag-huvudnyheter","14":"tag-latest-news","15":"tag-latestnews","16":"tag-location-brasilien","17":"tag-main-news","18":"tag-mainnews","19":"tag-news","20":"tag-nyheter","21":"tag-rubriker","22":"tag-se","23":"tag-sections-varlden","24":"tag-svenska","25":"tag-sverige","26":"tag-sweden","27":"tag-swedish","28":"tag-top-stories","29":"tag-topstories"},"share_on_mastodon":{"url":"","error":""},"_links":{"self":[{"href":"https:\/\/www.europesays.com\/se\/wp-json\/wp\/v2\/posts\/42143","targetHints":{"allow":["GET"]}}],"collection":[{"href":"https:\/\/www.europesays.com\/se\/wp-json\/wp\/v2\/posts"}],"about":[{"href":"https:\/\/www.europesays.com\/se\/wp-json\/wp\/v2\/types\/post"}],"author":[{"embeddable":true,"href":"https:\/\/www.europesays.com\/se\/wp-json\/wp\/v2\/users\/2"}],"replies":[{"embeddable":true,"href":"https:\/\/www.europesays.com\/se\/wp-json\/wp\/v2\/comments?post=42143"}],"version-history":[{"count":0,"href":"https:\/\/www.europesays.com\/se\/wp-json\/wp\/v2\/posts\/42143\/revisions"}],"wp:featuredmedia":[{"embeddable":true,"href":"https:\/\/www.europesays.com\/se\/wp-json\/wp\/v2\/media\/42144"}],"wp:attachment":[{"href":"https:\/\/www.europesays.com\/se\/wp-json\/wp\/v2\/media?parent=42143"}],"wp:term":[{"taxonomy":"category","embeddable":true,"href":"https:\/\/www.europesays.com\/se\/wp-json\/wp\/v2\/categories?post=42143"},{"taxonomy":"post_tag","embeddable":true,"href":"https:\/\/www.europesays.com\/se\/wp-json\/wp\/v2\/tags?post=42143"}],"curies":[{"name":"wp","href":"https:\/\/api.w.org\/{rel}","templated":true}]}}