{"id":42163,"date":"2025-09-29T02:35:33","date_gmt":"2025-09-29T02:35:33","guid":{"rendered":"https:\/\/www.europesays.com\/se\/42163\/"},"modified":"2025-09-29T02:35:33","modified_gmt":"2025-09-29T02:35:33","slug":"sorgen-i-bollnas-efter-dodsolyckan-pa-riksvag-83","status":"publish","type":"post","link":"https:\/\/www.europesays.com\/se\/42163\/","title":{"rendered":"Sorgen i Bolln\u00e4s efter d\u00f6dsolyckan p\u00e5 riksv\u00e4g 83"},"content":{"rendered":"<p>Publicerad 28 sep 2025 kl 13.18Uppdaterad kl 16.52<\/p>\n<p>BOLLN\u00c4S. Chocken och sorgen ligger tung \u00f6ver olycksplatsen d\u00e4r tv\u00e5 unga kvinnor miste livet i natt.\u00a0<\/p>\n<p>Nu samlas ljus, blommor, och m\u00e4nniskor i sorg vid v\u00e4gkanten intill olycksplatsen.\u00a0<\/p>\n<p>Emma Eriksson f\u00f6rlorade sin barndomsv\u00e4n.\u00a0<\/p>\n<p>\u2013 Det \u00e4r overkligt, s\u00e4ger hon.\u00a0<\/p>\n<p>Tv\u00e5 personer har anh\u00e5llits efter olyckan.\u00a0<\/p>\n<p>Nyheter, reportage och analyser i Sverige och i \u00f6vriga v\u00e4rlden.<img   alt=\"\"\/><\/p>\n<p>Polisen p\u00e5 plats dagen efter olyckan.<\/p>\n<p>Foto: SVEN LINDWALL\/EXP \/ Expressen<\/p>\n<p>\u00d6ppna bild i helsk\u00e4rm<img loading=\"lazy\"   alt=\"\"\/><\/p>\n<p>Emma Eriksson (till v\u00e4nster) f\u00f6rlorade sin barndomsv\u00e4n i olyckan.<\/p>\n<p>Foto: SVEN LINDWALL \/ Expressen<\/p>\n<p>\u00d6ppna bild i helsk\u00e4rm<img loading=\"lazy\"   alt=\"\"\/><\/p>\n<p>Sorgen \u00e4r stor efter l\u00f6rdagens d\u00f6dsolycka p\u00e5 riksv\u00e4g 83 mellan Bolln\u00e4s och Abrb\u00e5.<\/p>\n<p>Foto: SVEN LINDWALL\/EXP \/ Expressen<\/p>\n<p>\u00d6ppna bild i helsk\u00e4rm<img loading=\"lazy\"   alt=\"\"\/><\/p>\n<p>Lars Kvick bor precis vid olyckan.<\/p>\n<p>Foto: SVEN LINDWALL\/EXP \/ Expressen<\/p>\n<p>\u00d6ppna bild i helsk\u00e4rm<img loading=\"lazy\"   alt=\"\"\/><\/p>\n<p>H\u00e4r intr\u00e4ffade olyckan.<\/p>\n<p>Foto: Sven Lindwall<\/p>\n<p>\u00d6ppna bild i helsk\u00e4rm<img loading=\"lazy\"   alt=\"\"\/><\/p>\n<p>Ljus och blommor har bildat en minnesplats.<\/p>\n<p>Foto: SVEN LINDWALL\/EXP \/ Expressen<\/p>\n<p>\u00d6ppna bild i helsk\u00e4rm<img loading=\"lazy\"   alt=\"\"\/><\/p>\n<p>De tv\u00e5 kvinnorna som dog i olyckan var b\u00e5da unga, under 26 \u00e5r.<\/p>\n<p>Foto: SVEN LINDWALL\/EXP \/ Expressen<\/p>\n<p>\u00d6ppna bild i helsk\u00e4rm<img loading=\"lazy\"   alt=\"\"\/><\/p>\n<p>Olyckan intr\u00e4ffade p\u00e5 riksv\u00e4g 83.<\/p>\n<p>Foto: SVEN LINDWALL\/EXP \/ Expressen<\/p>\n<p>\u00d6ppna bild i helsk\u00e4rm<\/p>\n<p>Dimman har skingrats \u00f6ver riksv\u00e4g 83 mellan Bolln\u00e4s och Arbr\u00e5. Men ett gr\u00e5tt molnlock ligger \u00f6ver v\u00e4gen, som passerar precis intill j\u00e4rnv\u00e4gsr\u00e4lsen.<\/p>\n<p>I v\u00e4grenen st\u00e5r en hop med brinnande stearinljus.<\/p>\n<p>\u201d\u00c4lskade, saknade. Vila i frid\u201d.<\/p>\n<p>L\u00e5gorna samsas med blombuketter och halvfulla petflaskor. En ensam sko i gummi. N\u00e5gra cigarretter av m\u00e4rket John silver.<\/p>\n<p>Det var h\u00e4r tv\u00e5 unga kvinnor miste livet i en olycka natten mot s\u00f6ndag. Tv\u00e5 m\u00e4n i samma \u00e5lder skadades allvarligt. Tre andra skadades lindrigt.<\/p>\n<p><img loading=\"lazy\"   alt=\"\"\/><\/p>\n<p>Emma Eriksson (till v\u00e4nster) t\u00e4nder ett ljus vid olycksplatsen.<\/p>\n<p>Foto: SVEN LINDWALL\/EXP \/ Expressen<\/p>\n<p>\u00d6ppna bild i helsk\u00e4rm<\/p>\n<p>Emma Eriksson, 18, f\u00f6rlorade sin barndomsv\u00e4n i olyckan.\u00a0<\/p>\n<p>\u2013 Det \u00e4r overkligt, det ska inte beh\u00f6va h\u00e4nda n\u00e5gon.<\/p>\n<p>Emma och kvinnan som dog har k\u00e4nt varandra sedan de var bebisar, s\u00e4ger hon.<\/p>\n<p>\u00a0\u2013 Det k\u00e4nns s\u00e5 hemskt.<\/p>\n<p>\u2013 Hon fanns alltid d\u00e4r f\u00f6r mig, jag kunde ringa henne n\u00e4r som helst. Hennes pappa blev som min extrapappa. Om n\u00e5gon var taskig mot mig fanns hon alltid d\u00e4r f\u00f6r mig och stod upp f\u00f6r mig, s\u00e4ger hon.<\/p>\n<p>Kvinnorna satt i samma bil \u00a0<\/p>\n<p>Tv\u00e5 personer har anh\u00e5llits efter olyckan. Det handlar om en en kvinna i 20-\u00e5rs\u00e5ldern och en man i 30-\u00e5rs\u00e5ldern. De misst\u00e4nks f\u00f6r grov v\u00e5rdsl\u00f6shet i trafik, grovt v\u00e5llande till kroppsskada och grovt v\u00e5llande till annans d\u00f6d. De tv\u00e5 misst\u00e4nkta har k\u00f6rt varsitt fordon.\u00a0<\/p>\n<p>\u2013 Ingen av dem misst\u00e4nks f\u00f6r att ha k\u00f6rt p\u00e5verkade, s\u00e4ger Magnus Jansson Klarin, presstalesperson p\u00e5 polisregion Mitt.\u00a0<\/p>\n<p>De tv\u00e5 unga kvinnorna som dog satt i samma bil. Ingen av de misst\u00e4nkta satt i de d\u00f6da kvinnornas bil.\u00a0<\/p>\n<p>\u2013 Det fordonet \u00e4r en veteranliknande bil. Det var det fordon som b\u00f6rjade brinna, s\u00e4ger Jansson Klarin. \u00a0<\/p>\n<p>Lars Kvick bor precis vid olycksplatsen. Han v\u00e4cktes i natt av sin sambo, som hade h\u00f6rt vad som p\u00e5gick precis utanf\u00f6r.<\/p>\n<p>De hade sv\u00e5rt att se vad som hade h\u00e4nt, d\u00e5lig sikt i den tjocka dimman, men de s\u00e5g och h\u00f6rde poliser och ambulanser.<\/p>\n<p>\u2013 D\u00e5 f\u00f6rstod vi att det var en olycka.<\/p>\n<p>I morse n\u00e5ddes de av nyheten att tv\u00e5 unga kvinnor g\u00e5tt bort i olyckan.<\/p>\n<p>\u2013 Det k\u00e4nns hemskt n\u00e4r det kommer s\u00e5 n\u00e4ra. Jag har bonusd\u00f6ttrar som \u00e4r i n\u00e4stan samma \u00e5lder, s\u00e5 det blir extra p\u00e5tagligt.<\/p>\n<p>Lars Kvick tycker att v\u00e4gen \u00e4r i fint skick \u2013 den fixades till alldeles nyligen, s\u00e4ger han. Och olyckan skedde p\u00e5 en rakstr\u00e4cka.\u00a0<\/p>\n<p>\u2013 Men, det var d\u00e5lig sikt i g\u00e5r. Vi f\u00e5r se vad som har h\u00e4nt.\u00a0<\/p>\n<p><img loading=\"lazy\"   alt=\"\"\/><\/p>\n<p>Lars Kvick tycker att v\u00e4gen vanligtvis \u00e4r trygg att k\u00f6ra p\u00e5.<\/p>\n<p>Foto: SVEN LINDWALL\/EXP \/ Expressen<\/p>\n<p>\u00d6ppna bild i helsk\u00e4rmKommunen har aktiverat krisst\u00f6d<\/p>\n<p>Olyckan involverade tre fordon. Tv\u00e5 bilar frontalkrockat i h\u00f6g hastighet och den tredje bilen k\u00f6rde in i de krockade bilarna. En av bilarna fattade eld.\u00a0<\/p>\n<p>Annons<\/p>\n<p>Av de fem som f\u00f6rdes till sjukhus har alla \u00e4nnu inte kunnat h\u00f6ras.\u00a0<\/p>\n<p>I Arbr\u00e5 h\u00e5ller kyrkan extra \u00f6ppet under dagen, som st\u00f6d till de som vill s\u00f6rja eller visa sitt deltagande och <a href=\"https:\/\/www.expressen.se\/tagg\/location\/bollnas-kommun\/\" class=\"\" rel=\"nofollow noopener\" target=\"_blank\">Bolln\u00e4s kommun<\/a> har aktiverat sitt krisst\u00f6d.\u00a0<\/p>\n<p><img loading=\"lazy\"   alt=\"\"\/><\/p>\n<p>Ingrid Augrell, kyrkoherde Bolln\u00e4s pastorat.<\/p>\n<p>Foto: SVEN LINDWALL\/EXP \/ Expressen<\/p>\n<p>\u00d6ppna bild i helsk\u00e4rm<\/p>\n<p>Ingrid Augrell, kyrkoherde Bolln\u00e4s pastorat, s\u00e4ger att det \u00e4r p\u00e5tagligt att folk \u00e4r ber\u00f6rda. Kyrkans medarbetare b\u00f6rjade jobba redan under natten.\u00a0<\/p>\n<p>\u2013 Jag \u00e4r s\u00e5 tacksam och stolt \u00f6ver mina medarbetare, som direkt kommer in klockan tre p\u00e5 natten n\u00e4r en s\u00e5dan sak h\u00e4nder, s\u00e4ger hon och till\u00e4gger:\u00a0<\/p>\n<p>\u2013\u00a0Det \u00e4r fruktansv\u00e4rt sorgligt. Den h\u00e4r sorgen och det h\u00e4r traumat kommer att forts\u00e4tta l\u00e4nge. \u00a0<\/p>\n<p>Vad som orsakade olyckan \u00e4r \u00e4nnu inte klarlagt. De tre bilarna \u00e4r alla tagna i beslag. Dr\u00f6nare har varit uppe i luften f\u00f6r att filma och fotografera olycksplatsen.<\/p>\n<p>\u2013 Man kollar bromssp\u00e5r, hur bilarna st\u00e5r och g\u00f6r andra tekniska unders\u00f6kningar f\u00f6r att klarl\u00e4gga vad det \u00e4r som h\u00e4nt, s\u00e4ger polisens presstalesperson Magnus Jansson Klarin.\u00a0<\/p>\n","protected":false},"excerpt":{"rendered":"Publicerad 28 sep 2025 kl 13.18Uppdaterad kl 16.52 BOLLN\u00c4S. Chocken och sorgen ligger tung \u00f6ver olycksplatsen d\u00e4r tv\u00e5&hellip;\n","protected":false},"author":2,"featured_media":42164,"comment_status":"","ping_status":"","sticky":false,"template":"","format":"standard","meta":{"footnotes":""},"categories":[5],"tags":[22,23,26,27,17,21,24,25,4341,28,29,15,16,18,34,154,31,33,32,30,19,4070,20],"class_list":{"0":"post-42163","1":"post","2":"type-post","3":"status-publish","4":"format-standard","5":"has-post-thumbnail","7":"category-rubriker","8":"tag-breaking-news","9":"tag-breakingnews","10":"tag-featured-news","11":"tag-featurednews","12":"tag-headlines","13":"tag-huvudnyheter","14":"tag-latest-news","15":"tag-latestnews","16":"tag-location-bollnas-kommun","17":"tag-main-news","18":"tag-mainnews","19":"tag-news","20":"tag-nyheter","21":"tag-rubriker","22":"tag-se","23":"tag-sections-sverige","24":"tag-svenska","25":"tag-sverige","26":"tag-sweden","27":"tag-swedish","28":"tag-top-stories","29":"tag-topic-trafikolycka","30":"tag-topstories"},"share_on_mastodon":{"url":"","error":""},"_links":{"self":[{"href":"https:\/\/www.europesays.com\/se\/wp-json\/wp\/v2\/posts\/42163","targetHints":{"allow":["GET"]}}],"collection":[{"href":"https:\/\/www.europesays.com\/se\/wp-json\/wp\/v2\/posts"}],"about":[{"href":"https:\/\/www.europesays.com\/se\/wp-json\/wp\/v2\/types\/post"}],"author":[{"embeddable":true,"href":"https:\/\/www.europesays.com\/se\/wp-json\/wp\/v2\/users\/2"}],"replies":[{"embeddable":true,"href":"https:\/\/www.europesays.com\/se\/wp-json\/wp\/v2\/comments?post=42163"}],"version-history":[{"count":0,"href":"https:\/\/www.europesays.com\/se\/wp-json\/wp\/v2\/posts\/42163\/revisions"}],"wp:featuredmedia":[{"embeddable":true,"href":"https:\/\/www.europesays.com\/se\/wp-json\/wp\/v2\/media\/42164"}],"wp:attachment":[{"href":"https:\/\/www.europesays.com\/se\/wp-json\/wp\/v2\/media?parent=42163"}],"wp:term":[{"taxonomy":"category","embeddable":true,"href":"https:\/\/www.europesays.com\/se\/wp-json\/wp\/v2\/categories?post=42163"},{"taxonomy":"post_tag","embeddable":true,"href":"https:\/\/www.europesays.com\/se\/wp-json\/wp\/v2\/tags?post=42163"}],"curies":[{"name":"wp","href":"https:\/\/api.w.org\/{rel}","templated":true}]}}