{"id":42177,"date":"2025-09-29T03:31:07","date_gmt":"2025-09-29T03:31:07","guid":{"rendered":"https:\/\/www.europesays.com\/se\/42177\/"},"modified":"2025-09-29T03:31:07","modified_gmt":"2025-09-29T03:31:07","slug":"donald-trump-vill-utreda-christopher-wray","status":"publish","type":"post","link":"https:\/\/www.europesays.com\/se\/42177\/","title":{"rendered":"Donald Trump vill utreda Christopher Wray"},"content":{"rendered":"<p>Publicerad 29 sep 2025 kl 04.40Uppdaterad kl 04.56<\/p>\n<p>Donald Trump hotar \u00e4nnu en f\u00f6re detta FBI-chef.<\/p>\n<p>I en intervju med NBC News anklagar han Christopher Wray f\u00f6r \u201dol\u00e4mpligt\u201d beteende \u2013 och ljuger \u00e5terigen om FBI-agenters inblandning i attacken mot Kapitolium.<\/p>\n<p>\u2013 Jag antar att justitiedepartementet utreder honom, s\u00e4ger Trump.\u00a0<\/p>\n<p><img   alt=\"\"\/> <\/p>\n<p>Foto: KENT NISHIMURA\/ CNP \/ STELLA PICTURES\/ ZUMA PRESS<\/p>\n<p>\u00d6ppna bild i helsk\u00e4rm<img loading=\"lazy\"   alt=\"\"\/><\/p>\n<p>Christopher Wray var FBI-chef under stormningen av Kapitolium.<\/p>\n<p>Foto: STEPHANIE SCARBROUGH \/ AP\/ TT<\/p>\n<p>\u00d6ppna bild i helsk\u00e4rm<img loading=\"lazy\"   alt=\"\"\/><\/p>\n<p>Enligt en av Donald Trumps versioner om vad som h\u00e4nde den 6 januari drevs stormningen p\u00e5 av FBI-agenter.<\/p>\n<p>Foto: JIM LO SCALZO \/ EPA\/ TT<\/p>\n<p>\u00d6ppna bild i helsk\u00e4rm<\/p>\n<p>James Comey \u00e5talades p\u00e5 till synes mycket l\u00f6sa grunder i f\u00f6rra veckan. Nu \u00e4r det n\u00e4sta f\u00f6re detta FBI-chefs tur. I en telefonintervju med <a href=\"https:\/\/www.nbcnews.com\/politics\/donald-trump\/trump-weighs-whether-doj-investigate-former-fbi-director-christopher-w-rcna234225\" rel=\"nofollow noopener\" target=\"_blank\">NBC News<\/a> anklagar <a href=\"https:\/\/www.expressen.se\/tagg\/person\/donald-trump\/\" class=\"\" rel=\"nofollow noopener\" target=\"_blank\">Donald Trump<\/a> Christopher Wray f\u00f6r att ha upptr\u00e4tt \u201dol\u00e4mpligt\u201d i sin roll och att han \u201dtror\u201d att justitiedepartementet utreder honom.<\/p>\n<p>\u2013 Jag kan f\u00f6rest\u00e4lla mig det. Jag kan absolut f\u00f6rest\u00e4lla mig det. Jag tror att de g\u00f6r det, s\u00e4ger han.<\/p>\n<p>I ett inl\u00e4gg p\u00e5 Truth Social i helgen <a href=\"https:\/\/www.expressen.se\/nyheter\/varlden\/donald-trumps-falska-pastaende-om-fbi-och-6-januari\/\" rel=\"nofollow noopener\" target=\"_blank\">spred Donald Trump den gamla falska konspirationsteorin<\/a> om att FBI-agenter var inblandade i \u2013 provocerade fram \u2013 stormningen av Kapitolium den 6 januari 2021.\u00a0<\/p>\n<p>Wray var FBI-chef d\u00e5 och det tycks vara det Trump riktar in sig p\u00e5 i samtalet med NBC News, d\u00e4r han s\u00e4ger att Wray \u201dgjorde ett fruktansv\u00e4rt jobb och vi fick just reda p\u00e5 det\u201d.<\/p>\n<p>\u2013 Jag tycker att det han gjorde var mycket ol\u00e4mpligt. Och jag tycker att mycket av hans insatser var mycket ol\u00e4mpliga. Men vi har inte g\u00e5tt l\u00e4ngre \u00e4n s\u00e5. Gl\u00f6m inte, vi fick just veta att alla dessa FBI-agenter var d\u00e4r, s\u00e4ger Trump.<\/p>\n<p>H\u00e4nvisar till rapport \u2013 men har ingen t\u00e4ckning<\/p>\n<p>I sitt inl\u00e4gg p\u00e5 Truth Social skrev Trump om \u201d274 FBI-agenter\u201d i civila kl\u00e4der som han p\u00e5stod hade placerats i folksamlingen innan och under \u201d6 januari-bluffen\u201d och p\u00e5stod att de agerade som provokat\u00f6rer och uppviglare. Anklagelserna hade han i sin tur f\u00e5tt fr\u00e5n starkt h\u00f6gerlutande Just the News och The Blaze, som h\u00e4vdat detsamma och h\u00e4nvisat till en rapport som inte alls inneh\u00f6ll det som p\u00e5stods. \u00c4ven i inl\u00e4gget n\u00e4mnde han Wray, som han skrev hade en hel del att f\u00f6rklara.<\/p>\n<p>Wray har inte kommenterat presidentens vilda utspel.<\/p>\n<p>Nuvarande FBI-chef Kash Patel, som vanligtvis \u00e4r en extrem Trump-lojalist, har d\u00e4remot f\u00f6rklarat agenternas n\u00e4rvaro p\u00e5 ett annat s\u00e4tt: Att de skickades dit f\u00f6r att ta kontroll \u00f6ver situationen efter att oroligheterna b\u00f6rjat. Han har dock ocks\u00e5 kritiserat FBI:s och Wrays agerande den dagen.<\/p>\n","protected":false},"excerpt":{"rendered":"Publicerad 29 sep 2025 kl 04.40Uppdaterad kl 04.56 Donald Trump hotar \u00e4nnu en f\u00f6re detta FBI-chef. I en&hellip;\n","protected":false},"author":2,"featured_media":42178,"comment_status":"","ping_status":"","sticky":false,"template":"","format":"standard","meta":{"footnotes":""},"categories":[14],"tags":[22,23,26,27,17,21,24,25,4287,28,29,15,16,3307,198,3306,18,34,55,31,33,32,30,19,204,20,51,52,53,54],"class_list":{"0":"post-42177","1":"post","2":"type-post","3":"status-publish","4":"format-standard","5":"has-post-thumbnail","7":"category-varlden","8":"tag-breaking-news","9":"tag-breakingnews","10":"tag-featured-news","11":"tag-featurednews","12":"tag-headlines","13":"tag-huvudnyheter","14":"tag-latest-news","15":"tag-latestnews","16":"tag-location-kapitolium","17":"tag-main-news","18":"tag-mainnews","19":"tag-news","20":"tag-nyheter","21":"tag-organization-fbi","22":"tag-person-donald-trump","23":"tag-person-kash-patel","24":"tag-rubriker","25":"tag-se","26":"tag-sections-varlden","27":"tag-svenska","28":"tag-sverige","29":"tag-sweden","30":"tag-swedish","31":"tag-top-stories","32":"tag-topic-amerikansk-politik","33":"tag-topstories","34":"tag-varlden","35":"tag-world","36":"tag-world-news","37":"tag-worldnews"},"share_on_mastodon":{"url":"","error":""},"_links":{"self":[{"href":"https:\/\/www.europesays.com\/se\/wp-json\/wp\/v2\/posts\/42177","targetHints":{"allow":["GET"]}}],"collection":[{"href":"https:\/\/www.europesays.com\/se\/wp-json\/wp\/v2\/posts"}],"about":[{"href":"https:\/\/www.europesays.com\/se\/wp-json\/wp\/v2\/types\/post"}],"author":[{"embeddable":true,"href":"https:\/\/www.europesays.com\/se\/wp-json\/wp\/v2\/users\/2"}],"replies":[{"embeddable":true,"href":"https:\/\/www.europesays.com\/se\/wp-json\/wp\/v2\/comments?post=42177"}],"version-history":[{"count":0,"href":"https:\/\/www.europesays.com\/se\/wp-json\/wp\/v2\/posts\/42177\/revisions"}],"wp:featuredmedia":[{"embeddable":true,"href":"https:\/\/www.europesays.com\/se\/wp-json\/wp\/v2\/media\/42178"}],"wp:attachment":[{"href":"https:\/\/www.europesays.com\/se\/wp-json\/wp\/v2\/media?parent=42177"}],"wp:term":[{"taxonomy":"category","embeddable":true,"href":"https:\/\/www.europesays.com\/se\/wp-json\/wp\/v2\/categories?post=42177"},{"taxonomy":"post_tag","embeddable":true,"href":"https:\/\/www.europesays.com\/se\/wp-json\/wp\/v2\/tags?post=42177"}],"curies":[{"name":"wp","href":"https:\/\/api.w.org\/{rel}","templated":true}]}}