{"id":42184,"date":"2025-09-29T04:03:15","date_gmt":"2025-09-29T04:03:15","guid":{"rendered":"https:\/\/www.europesays.com\/se\/42184\/"},"modified":"2025-09-29T04:03:15","modified_gmt":"2025-09-29T04:03:15","slug":"ebba-busch-kommer-angra-sina-ord","status":"publish","type":"post","link":"https:\/\/www.europesays.com\/se\/42184\/","title":{"rendered":"Ebba Busch kommer \u00e5ngra sina ord"},"content":{"rendered":"<p>Publicerad 29 sep 2025 kl 05.00<\/p>\n<p>PO Enquist och Birgitta Dahl skulle b\u00e5da f\u00f6rf\u00f6ljas av sina ord om att det inte var ett folkmord som \u00e4gde rum i Pol Pots Kambodja.<\/p>\n<p>Peter Fr\u00f6berg Idling sp\u00e5r en liknande framtid f\u00f6r Ebba Busch och Gaza.<\/p>\n<p><img   alt=\"\"\/><\/p>\n<p>Vice statsminister Ebba Busch har uttryckt sitt st\u00f6d f\u00f6r Israels premi\u00e4rminister Netanyahu.<\/p>\n<p>Foto: Anders Wiklund\/TT<\/p>\n<p>\u00d6ppna bild i helsk\u00e4rm<img loading=\"lazy\"   alt=\"\"\/><\/p>\n<p>Peter Fr\u00f6berg Idling \u00e4r f\u00f6rfattare och medarbetare p\u00e5 Expressens kultursida.<\/p>\n<p>Foto: ANN JONASSON<\/p>\n<p>\u00d6ppna bild i helsk\u00e4rm<img loading=\"lazy\"   alt=\"\"\/><\/p>\n<p>Ceremoni f\u00f6r d\u00f6da i den israeliska arm\u00e9ns attack p\u00e5 Firas-marknaden i Gaza City den 24 september.<\/p>\n<p>Foto: AA \/ STELLA PICTURES\/<\/p>\n<p>\u00d6ppna bild i helsk\u00e4rm<\/p>\n<p><strong>KOMMENTAR. <\/strong>F\u00f6rsta g\u00e5ngen jag tr\u00e4ffade f\u00f6rfattaren <strong>PO Enquist<\/strong> skiftade st\u00e4mningen fr\u00e5n v\u00e4nlig till iskall p\u00e5 ett \u00f6gonblick. Jag hade nyligen debuterat med \u201dPol Pots leende\u201d, om en svensk resa genom R\u00f6da khmerernas folkmord. Att Enquist v\u00e4nde mig ryggen n\u00e4r han f\u00f6rstod vem jag var berodde p\u00e5 att han kort tid efter <strong>Pol Pots<\/strong> revolution 1975 hade skrivit: \u201dHorhuset utrymt, st\u00e4dning p\u00e5g\u00e5r. \u00d6ver detta kan bara hallickar k\u00e4nna sorg.\u201d Jag hade tagit med det i boken, inte av illvilja utan som en illustration av den polariserade debatten, d\u00e4r \u00e4ven f\u00f6rnuftigt folk hamnade vilse.<\/p>\n<p>N\u00e4r Enquists blick gick fr\u00e5n varm till kylig d\u00e4r p\u00e5 Bokm\u00e4ssan hade det g\u00e5tt \u00f6ver 30 \u00e5r sedan han skrev de d\u00e4r tidningsraderna. L\u00e4ngesedan, t\u00e4nkte jag och hade fel.<\/p>\n<p>I samband med revolutionen hade R\u00f6da khmererna t\u00f6mt st\u00e4derna p\u00e5 befolkningen och st\u00e4ngt landet. Inga oberoende observat\u00f6rer sl\u00e4pptes in. Flyktingar vittnade om hungersn\u00f6d och massakrer. USA:s president <strong>Carter<\/strong> anklagade R\u00f6da khmererna f\u00f6r flagranta folkr\u00e4ttsbrott. Allt f\u00f6rnekades ilsket av regimen.<\/p>\n<blockquote><p>F\u00f6r Enquist och Dahl spelade det sedan ingen roll hur m\u00e5nga g\u00e5nger de pudlade.<\/p><\/blockquote>\n<p>Debatten i omv\u00e4rlden f\u00f6ljde politiska skyttegravar \u2013 borgerliga debatt\u00f6rer larmade om folkmord, v\u00e4nstern menade att kritiken var ideologiskt driven. En radiointervju med socialdemokratiska riksdagsledamoten <strong>Birgitta Dahl<\/strong> kan tj\u00e4na som exempel: \u201dAlla vet vi ju att mycket, ja kanske det mesta, av det som nu s\u00e4gs och skrivs om Kambodja \u00e4r l\u00f6gn och spekulation. [\u2026] \u00a0Problemet \u00e4r att vi faktiskt inte har kunskaper, direkta vittnesb\u00f6rd, f\u00f6r att kunna avvisa alla l\u00f6gner som sprids av Kambodjas fiender.\u201d<\/p>\n<p>Efter regimskiftet 1979 \u00f6ppnades landet f\u00f6r journalister. Folkr\u00e4ttsbrotten visade sig vara v\u00e4rre \u00e4n n\u00e5gon hade f\u00f6rest\u00e4llt sig. N\u00e4rmare tv\u00e5 miljoner hade mist livet.<\/p>\n<p>F\u00f6r Enquist och Dahl spelade det sedan ingen roll hur m\u00e5nga g\u00e5nger de pudlade. Deras uttalanden om Pol Pot f\u00f6rf\u00f6ljde dem livet ut.<\/p>\n<blockquote><p>N\u00e4r Gaza \u00f6ppnas f\u00f6r internationell press f\u00e5r vi facit.<\/p><\/blockquote>\n<p>Historien upprepar sig inte, men viss grundl\u00e4ggande mekanik k\u00e4nns igen i kampen om verklighetsbeskrivningen. Netanyahus regering t\u00f6mmer st\u00e4der och har st\u00e4ngt <a href=\"https:\/\/www.expressen.se\/tagg\/location\/gaza\/\" class=\"\" rel=\"nofollow noopener\" target=\"_blank\">Gaza<\/a> f\u00f6r oberoende observat\u00f6rer. Rapporter om folkr\u00e4ttsbrott avf\u00e4rdas som l\u00f6gn och f\u00f6rtal. Vittnesuppgifter undergr\u00e4vs systematiskt.<\/p>\n<p>R\u00f6da khmerernas ledare d\u00f6mdes slutligen f\u00f6r folkmord \u2013 inte f\u00f6r att ha orsakat miljontals kambodjaners d\u00f6d, men v\u00e4l f\u00f6r f\u00f6rf\u00f6ljelsen av den vietnamesiska minoriteten. Utifr\u00e5n den domen skulle <strong>Netanyahu<\/strong> och hans n\u00e4rmaste ocks\u00e5 befinnas skyldiga.<\/p>\n<p>N\u00e4r Gaza \u00f6ppnas f\u00f6r internationell press f\u00e5r vi facit. De som nu surrat sig vid masten i sitt f\u00f6rsvar av Netanyahus politik riskerar d\u00e5 att hems\u00f6kas av sina egna ord \u2013 har man en g\u00e5ng famnat en folkm\u00f6rdare sitter blodlukten kvar i kl\u00e4derna. Att som vice statsminister <strong>Ebba Busch<\/strong> s\u00e4ga att Netanyahu \u201dg\u00f6r hela v\u00e4rlden en tj\u00e4nst\u201d kommer d\u00e4rf\u00f6r sannolikt att eka genom hela hennes fortsatta g\u00e4rning.<\/p>\n<p>PS. Till protokollet: Hamas \u00e4r en terrororganisation utan existensber\u00e4ttigande.<\/p>\n<p>Peter Fr\u00f6berg Idling \u00e4r f\u00f6rfattare och medarbetare p\u00e5 Expressens kultursida.<\/p>\n","protected":false},"excerpt":{"rendered":"Publicerad 29 sep 2025 kl 05.00 PO Enquist och Birgitta Dahl skulle b\u00e5da f\u00f6rf\u00f6ljas av sina ord om&hellip;\n","protected":false},"author":2,"featured_media":42185,"comment_status":"","ping_status":"","sticky":false,"template":"","format":"standard","meta":{"footnotes":""},"categories":[14],"tags":[22,23,26,27,17,21,24,25,56,58,28,29,15,16,3755,1806,1360,874,18,34,31,33,32,30,19,60,20,51,52,53,54],"class_list":{"0":"post-42184","1":"post","2":"type-post","3":"status-publish","4":"format-standard","5":"has-post-thumbnail","7":"category-varlden","8":"tag-breaking-news","9":"tag-breakingnews","10":"tag-featured-news","11":"tag-featurednews","12":"tag-headlines","13":"tag-huvudnyheter","14":"tag-latest-news","15":"tag-latestnews","16":"tag-location-gaza","17":"tag-location-israel","18":"tag-main-news","19":"tag-mainnews","20":"tag-news","21":"tag-nyheter","22":"tag-organization-expressen-kultur","23":"tag-organization-hamas","24":"tag-person-benjamin-netanyahu","25":"tag-person-ebba-busch","26":"tag-rubriker","27":"tag-se","28":"tag-svenska","29":"tag-sverige","30":"tag-sweden","31":"tag-swedish","32":"tag-top-stories","33":"tag-topic-krig-konflikt","34":"tag-topstories","35":"tag-varlden","36":"tag-world","37":"tag-world-news","38":"tag-worldnews"},"share_on_mastodon":{"url":"","error":""},"_links":{"self":[{"href":"https:\/\/www.europesays.com\/se\/wp-json\/wp\/v2\/posts\/42184","targetHints":{"allow":["GET"]}}],"collection":[{"href":"https:\/\/www.europesays.com\/se\/wp-json\/wp\/v2\/posts"}],"about":[{"href":"https:\/\/www.europesays.com\/se\/wp-json\/wp\/v2\/types\/post"}],"author":[{"embeddable":true,"href":"https:\/\/www.europesays.com\/se\/wp-json\/wp\/v2\/users\/2"}],"replies":[{"embeddable":true,"href":"https:\/\/www.europesays.com\/se\/wp-json\/wp\/v2\/comments?post=42184"}],"version-history":[{"count":0,"href":"https:\/\/www.europesays.com\/se\/wp-json\/wp\/v2\/posts\/42184\/revisions"}],"wp:featuredmedia":[{"embeddable":true,"href":"https:\/\/www.europesays.com\/se\/wp-json\/wp\/v2\/media\/42185"}],"wp:attachment":[{"href":"https:\/\/www.europesays.com\/se\/wp-json\/wp\/v2\/media?parent=42184"}],"wp:term":[{"taxonomy":"category","embeddable":true,"href":"https:\/\/www.europesays.com\/se\/wp-json\/wp\/v2\/categories?post=42184"},{"taxonomy":"post_tag","embeddable":true,"href":"https:\/\/www.europesays.com\/se\/wp-json\/wp\/v2\/tags?post=42184"}],"curies":[{"name":"wp","href":"https:\/\/api.w.org\/{rel}","templated":true}]}}